{"id":32733,"date":"2024-12-09T10:36:54","date_gmt":"2024-12-09T13:36:54","guid":{"rendered":"https:\/\/corece.org.br\/site\/?p=32733"},"modified":"2024-12-09T10:36:56","modified_gmt":"2024-12-09T13:36:56","slug":"59-anos-da-lei-4-886-65-o-marco-legal-dos-representantes-comerciais-no-brasil","status":"publish","type":"post","link":"https:\/\/corece.org.br\/site\/59-anos-da-lei-4-886-65-o-marco-legal-dos-representantes-comerciais-no-brasil\/","title":{"rendered":"59 Anos da Lei 4.886\/65: O marco legal dos Representantes Comerciais no Brasil"},"content":{"rendered":"\n<p>Nesta segunda-feira (9), celebram-se <strong>os 59 anos da Lei n\u00ba 4.886\/65<\/strong>, que regulamenta a profiss\u00e3o de Representante Comercial no Brasil. <strong>Promulgada em 9 de dezembro de 1965<\/strong>, essa legisla\u00e7\u00e3o \u00e9 a base para o exerc\u00edcio \u00e9tico e profissional da atividade, estabelecendo os direitos, deveres e responsabilidades dos Representantes Comerciais.<\/p>\n\n\n<div class=\"wp-block-image\">\n<figure class=\"aligncenter size-large is-resized\"><img fetchpriority=\"high\" decoding=\"async\" width=\"1024\" height=\"1024\" src=\"https:\/\/corece.org.br\/site\/wp-content\/uploads\/2024\/12\/Banner_59-anos_CE-1024x1024.jpg\" alt=\"\" class=\"wp-image-32735\" style=\"width:546px;height:auto\" srcset=\"https:\/\/corece.org.br\/site\/wp-content\/uploads\/2024\/12\/Banner_59-anos_CE-1024x1024.jpg 1024w, https:\/\/corece.org.br\/site\/wp-content\/uploads\/2024\/12\/Banner_59-anos_CE-300x300.jpg 300w, https:\/\/corece.org.br\/site\/wp-content\/uploads\/2024\/12\/Banner_59-anos_CE-150x150.jpg 150w, https:\/\/corece.org.br\/site\/wp-content\/uploads\/2024\/12\/Banner_59-anos_CE-768x768.jpg 768w, https:\/\/corece.org.br\/site\/wp-content\/uploads\/2024\/12\/Banner_59-anos_CE.jpg 1080w\" sizes=\"(max-width: 1024px) 100vw, 1024px\" \/><\/figure>\n<\/div>\n\n\n<p>Para marcar essa data especial, o Conselho Federal dos Representantes Comerciais (Confere), em parceria com o Sistema Confere\/Cores, preparou um material comemorativo para ser divulgado amplamente nas redes sociais das regionais de todo o pa\u00eds. A campanha destaca a relev\u00e2ncia desses profissionais que desempenham um papel crucial na conex\u00e3o entre empresas e mercados, fomentando neg\u00f3cios e criando oportunidades em todas as regi\u00f5es do Brasil.<\/p>\n\n\n\n<p>No Cear\u00e1, o Conselho Regional dos Representantes Comerciais no Estado do Cear\u00e1 (Core-CE) est\u00e1 participando ativamente dessa mobiliza\u00e7\u00e3o nacional, refor\u00e7ando o significado hist\u00f3rico e social dessa conquista. O presidente do Core-CE, Philomeno Gomes J\u00fanior, ressalta a import\u00e2ncia da lei para a valoriza\u00e7\u00e3o da classe. <strong><em>\u201cEsta data simboliza o reconhecimento de uma categoria que aproxima empresas e mercados, gerando novas oportunidades e impulsionando neg\u00f3cios por todo o pa\u00eds&#8221;<\/em><\/strong>, relata Philomeno J\u00fanior.<\/p>\n\n\n\n<p>A celebra\u00e7\u00e3o destaca n\u00e3o apenas o legado jur\u00eddico da profiss\u00e3o, mas tamb\u00e9m a sua contribui\u00e7\u00e3o para o desenvolvimento econ\u00f4mico e social do Brasil.<\/p>\n\n\n\n<p>Assessoria de Comunica\u00e7\u00e3o do Core-CE<\/p>\n","protected":false},"excerpt":{"rendered":"<p>Nesta segunda-feira (9), celebram-se os 59 anos da Lei n\u00ba 4.886\/65, que regulamenta a profiss\u00e3o de Representante Comercial no Brasil. Promulgada em 9 de dezembro de 1965, essa legisla\u00e7\u00e3o \u00e9 a base para o exerc\u00edcio \u00e9tico e profissional da atividade, estabelecendo os direitos, deveres e responsabilidades dos Representantes Comerciais. Para marcar essa data especial, o [&hellip;]<\/p>\n","protected":false},"author":4,"featured_media":32735,"comment_status":"open","ping_status":"open","sticky":false,"template":"","format":"standard","meta":{"footnotes":""},"categories":[4],"tags":[],"class_list":["post-32733","post","type-post","status-publish","format-standard","has-post-thumbnail","hentry","category-noticias"],"_links":{"self":[{"href":"https:\/\/corece.org.br\/site\/wp-json\/wp\/v2\/posts\/32733","targetHints":{"allow":["GET"]}}],"collection":[{"href":"https:\/\/corece.org.br\/site\/wp-json\/wp\/v2\/posts"}],"about":[{"href":"https:\/\/corece.org.br\/site\/wp-json\/wp\/v2\/types\/post"}],"author":[{"embeddable":true,"href":"https:\/\/corece.org.br\/site\/wp-json\/wp\/v2\/users\/4"}],"replies":[{"embeddable":true,"href":"https:\/\/corece.org.br\/site\/wp-json\/wp\/v2\/comments?post=32733"}],"version-history":[{"count":1,"href":"https:\/\/corece.org.br\/site\/wp-json\/wp\/v2\/posts\/32733\/revisions"}],"predecessor-version":[{"id":32736,"href":"https:\/\/corece.org.br\/site\/wp-json\/wp\/v2\/posts\/32733\/revisions\/32736"}],"wp:featuredmedia":[{"embeddable":true,"href":"https:\/\/corece.org.br\/site\/wp-json\/wp\/v2\/media\/32735"}],"wp:attachment":[{"href":"https:\/\/corece.org.br\/site\/wp-json\/wp\/v2\/media?parent=32733"}],"wp:term":[{"taxonomy":"category","embeddable":true,"href":"https:\/\/corece.org.br\/site\/wp-json\/wp\/v2\/categories?post=32733"},{"taxonomy":"post_tag","embeddable":true,"href":"https:\/\/corece.org.br\/site\/wp-json\/wp\/v2\/tags?post=32733"}],"curies":[{"name":"wp","href":"https:\/\/api.w.org\/{rel}","templated":true}]}}