{"id":35235,"date":"2026-03-10T14:22:56","date_gmt":"2026-03-10T17:22:56","guid":{"rendered":"https:\/\/corece.org.br\/site\/?p=35235"},"modified":"2026-03-10T14:23:06","modified_gmt":"2026-03-10T17:23:06","slug":"core-ce-celebra-60-anos-reinaugura-sede-e-entrega-premio-mascate-de-ouro","status":"publish","type":"post","link":"https:\/\/corece.org.br\/site\/core-ce-celebra-60-anos-reinaugura-sede-e-entrega-premio-mascate-de-ouro\/","title":{"rendered":"Core-CE celebra 60 anos, reinaugura sede e entrega Pr\u00eamio Mascate de Ouro"},"content":{"rendered":"<div class=\"wp-block-image\">\n<figure class=\"aligncenter size-large is-resized\"><img fetchpriority=\"high\" decoding=\"async\" width=\"1024\" height=\"683\" src=\"https:\/\/corece.org.br\/site\/wp-content\/uploads\/2026\/03\/DSC_4544-1024x683.jpg\" alt=\"\" class=\"wp-image-35237\" style=\"width:638px;height:auto\" srcset=\"https:\/\/corece.org.br\/site\/wp-content\/uploads\/2026\/03\/DSC_4544-1024x683.jpg 1024w, https:\/\/corece.org.br\/site\/wp-content\/uploads\/2026\/03\/DSC_4544-300x200.jpg 300w, https:\/\/corece.org.br\/site\/wp-content\/uploads\/2026\/03\/DSC_4544-768x512.jpg 768w, https:\/\/corece.org.br\/site\/wp-content\/uploads\/2026\/03\/DSC_4544-1536x1024.jpg 1536w, https:\/\/corece.org.br\/site\/wp-content\/uploads\/2026\/03\/DSC_4544-2048x1365.jpg 2048w\" sizes=\"(max-width: 1024px) 100vw, 1024px\" \/><\/figure>\n<\/div>\n\n\n<p>O Conselho Regional dos Representantes Comerciais no Estado do Cear\u00e1 (Core-CE) realizou, na \u00faltima sexta-feira, uma solenidade especial em comemora\u00e7\u00e3o aos <strong>60 anos de funda\u00e7\u00e3o da institui\u00e7\u00e3o<\/strong>, marcada pela <strong>reinaugura\u00e7\u00e3o da sede do Conselho<\/strong> e pela entrega do <strong>Pr\u00eamio Mascate de Ouro<\/strong> a representantes comerciais que contribu\u00edram para o fortalecimento da categoria ao longo das \u00faltimas d\u00e9cadas.<\/p>\n\n\n\n<p>A programa\u00e7\u00e3o reuniu representantes comerciais, autoridades e lideran\u00e7as do Sistema Confere\/Cores de diversas regi\u00f5es do pa\u00eds, em um momento de celebra\u00e7\u00e3o da trajet\u00f3ria da representa\u00e7\u00e3o comercial no Cear\u00e1 e no Brasil.<\/p>\n\n\n\n<p>Durante a cerim\u00f4nia, foi realizada a entrega do <strong>Pr\u00eamio Mascate de Ouro<\/strong>, homenagem concedida a representantes comerciais que permanecem ativos e regularizados desde a funda\u00e7\u00e3o do Core-CE, em 1966, reconhecendo profissionais que, ao longo de d\u00e9cadas, contribuem de forma cont\u00ednua para o fortalecimento da Representa\u00e7\u00e3o Comercial.<\/p>\n\n\n\n<div class=\"wp-block-columns is-layout-flex wp-container-core-columns-is-layout-9d6595d7 wp-block-columns-is-layout-flex\">\n<div class=\"wp-block-column is-layout-flow wp-block-column-is-layout-flow\" style=\"flex-basis:100%\">\n<figure class=\"wp-block-gallery aligncenter has-nested-images columns-default is-cropped wp-block-gallery-1 is-layout-flex wp-block-gallery-is-layout-flex\"><div class=\"wp-block-image\">\n<figure class=\"aligncenter size-large\"><img decoding=\"async\" width=\"1024\" height=\"683\" data-id=\"35238\" src=\"https:\/\/corece.org.br\/site\/wp-content\/uploads\/2026\/03\/IMG_2029-1024x683.jpg\" alt=\"\" class=\"wp-image-35238\" srcset=\"https:\/\/corece.org.br\/site\/wp-content\/uploads\/2026\/03\/IMG_2029-1024x683.jpg 1024w, https:\/\/corece.org.br\/site\/wp-content\/uploads\/2026\/03\/IMG_2029-300x200.jpg 300w, https:\/\/corece.org.br\/site\/wp-content\/uploads\/2026\/03\/IMG_2029-768x512.jpg 768w, https:\/\/corece.org.br\/site\/wp-content\/uploads\/2026\/03\/IMG_2029-1536x1024.jpg 1536w, https:\/\/corece.org.br\/site\/wp-content\/uploads\/2026\/03\/IMG_2029-2048x1365.jpg 2048w\" sizes=\"(max-width: 1024px) 100vw, 1024px\" \/><\/figure>\n<\/div><\/figure>\n\n\n\n<figure class=\"wp-block-image size-large\"><img decoding=\"async\" width=\"1024\" height=\"683\" src=\"https:\/\/corece.org.br\/site\/wp-content\/uploads\/2026\/03\/IMG_2043-1024x683.jpg\" alt=\"\" class=\"wp-image-35239\" srcset=\"https:\/\/corece.org.br\/site\/wp-content\/uploads\/2026\/03\/IMG_2043-1024x683.jpg 1024w, https:\/\/corece.org.br\/site\/wp-content\/uploads\/2026\/03\/IMG_2043-300x200.jpg 300w, https:\/\/corece.org.br\/site\/wp-content\/uploads\/2026\/03\/IMG_2043-768x512.jpg 768w, https:\/\/corece.org.br\/site\/wp-content\/uploads\/2026\/03\/IMG_2043-1536x1024.jpg 1536w, https:\/\/corece.org.br\/site\/wp-content\/uploads\/2026\/03\/IMG_2043-2048x1365.jpg 2048w\" sizes=\"(max-width: 1024px) 100vw, 1024px\" \/><\/figure>\n<\/div>\n<\/div>\n\n\n\n<p>Para o presidente do Core-CE, Philomeno Gomes J\u00fanior, a celebra\u00e7\u00e3o representa o reconhecimento de uma hist\u00f3ria constru\u00edda coletivamente pela categoria.<\/p>\n\n\n\n<p>\u201cQuando uma institui\u00e7\u00e3o completa sessenta anos, ela deixa de ser apenas uma organiza\u00e7\u00e3o. Ela se torna parte da hist\u00f3ria econ\u00f4mica de um povo\u201d, destacou.<\/p>\n\n\n\n<p>O presidente tamb\u00e9m ressaltou o papel estrat\u00e9gico da representa\u00e7\u00e3o comercial para o desenvolvimento econ\u00f4mico.<\/p>\n\n\n\n<p>\u201cSomos n\u00f3s que conectamos a ind\u00fastria ao com\u00e9rcio. Somos n\u00f3s que desenvolvemos mercados e levamos produtos a cada cidade, a cada bairro e a cada lar\u201d, afirmou.<\/p>\n\n\n\n<p>Outro momento marcante da noite foi a <strong>reinaugura\u00e7\u00e3o da sede do Conselho<\/strong>, espa\u00e7o modernizado e preparado para fortalecer ainda mais o atendimento e o relacionamento institucional com os profissionais da categoria.<\/p>\n\n\n\n<p><em>\u201cEsta casa n\u00e3o \u00e9 apenas um pr\u00e9dio. Ela representa maturidade institucional, respeito \u00e0 profiss\u00e3o e compromisso com o futuro da representa\u00e7\u00e3o comercial\u201d<\/em>, declarou Philomeno Gomes J\u00fanior.<\/p>\n\n\n\n<p>A solenidade contou com a presen\u00e7a do presidente do Conselho Federal dos Representantes Comerciais (Confere), Archimedes Cavalcanti J\u00fanior, tamb\u00e9m presidente do CORE-PE, representando o Sistema Confere\/Cores.<\/p>\n\n\n\n<p>Tamb\u00e9m participaram do evento presidentes de Conselhos Regionais de Representantes Comerciais de diversos estados brasileiros:<\/p>\n\n\n\n<p>CORE-BA \u2014 Herval D\u00f3rea da Silva<br>CORE-DF \u2014 Willian Vicente Bernardes<br>CORE-ES \u2014 Marcelo Marino Simonetti<br>CORE-MG \u2014 Ant\u00f4nio Jos\u00e9 Maciel Ribeiro<br>CORE-PB \u2014 Marconi Barros dos Santos<br>CORE-PR \u2014 Paulo C\u00e9sar Naiuack<br>CORE-PI \u2014 Jos\u00e9 Ant\u00f4nio de Araujo<br>CORE-PE \u2014 Archimedes Cavalcanti J\u00fanior<br>CORE-RJ \u2014 Derlin Jos\u00e9 Guimar\u00e3es Rodrigues<br>CORE-SE \u2014 Emerson Natal de Almeida<br>CORE-SC \u2014 Jo\u00e3o Pedro da Silva Rosa<br>CORE-SP \u2014 F\u00e1bio Lu\u00eds Lofrano<\/p>\n\n\n\n<figure class=\"wp-block-image size-large\"><img loading=\"lazy\" decoding=\"async\" width=\"1024\" height=\"683\" src=\"https:\/\/corece.org.br\/site\/wp-content\/uploads\/2026\/03\/IMG_2056-1024x683.jpg\" alt=\"\" class=\"wp-image-35240\" srcset=\"https:\/\/corece.org.br\/site\/wp-content\/uploads\/2026\/03\/IMG_2056-1024x683.jpg 1024w, https:\/\/corece.org.br\/site\/wp-content\/uploads\/2026\/03\/IMG_2056-300x200.jpg 300w, https:\/\/corece.org.br\/site\/wp-content\/uploads\/2026\/03\/IMG_2056-768x512.jpg 768w, https:\/\/corece.org.br\/site\/wp-content\/uploads\/2026\/03\/IMG_2056-1536x1024.jpg 1536w, https:\/\/corece.org.br\/site\/wp-content\/uploads\/2026\/03\/IMG_2056-2048x1365.jpg 2048w\" sizes=\"(max-width: 1024px) 100vw, 1024px\" \/><\/figure>\n\n\n\n<p>Entre as lideran\u00e7as do Cear\u00e1 presentes estiveram o presidente do Core-CE, Philomeno Gomes J\u00fanior, e o presidente eleito da institui\u00e7\u00e3o para o tri\u00eanio 2026\u20132029, Luis Jos\u00e9 de Menezes e Souza.<\/p>\n\n\n\n<p>A celebra\u00e7\u00e3o tamb\u00e9m remete \u00e0 data de <strong>8 de fevereiro<\/strong>, que marca a funda\u00e7\u00e3o do Core-CE em <strong>1966<\/strong>. A data foi oficialmente institu\u00edda como <strong>Dia Estadual do Representante Comercial no Cear\u00e1<\/strong>, por meio da <strong>Lei n\u00ba 18.123 de 2022<\/strong>, reconhecendo a relev\u00e2ncia da atividade para o desenvolvimento econ\u00f4mico do estado.<\/p>\n\n\n\n<p>Ao completar seis d\u00e9cadas de atua\u00e7\u00e3o, o Core-CE reafirma seu compromisso com a valoriza\u00e7\u00e3o da profiss\u00e3o e com o fortalecimento institucional da Representa\u00e7\u00e3o Comercial no Cear\u00e1 e em todo o pa\u00eds.<\/p>\n\n\n\n<p><\/p>\n","protected":false},"excerpt":{"rendered":"<p>O Conselho Regional dos Representantes Comerciais no Estado do Cear\u00e1 (Core-CE) realizou, na \u00faltima sexta-feira, uma solenidade especial em comemora\u00e7\u00e3o aos 60 anos de funda\u00e7\u00e3o da institui\u00e7\u00e3o, marcada pela reinaugura\u00e7\u00e3o da sede do Conselho e pela entrega do Pr\u00eamio Mascate de Ouro a representantes comerciais que contribu\u00edram para o fortalecimento da categoria ao longo das [&hellip;]<\/p>\n","protected":false},"author":4,"featured_media":35237,"comment_status":"open","ping_status":"open","sticky":false,"template":"","format":"standard","meta":{"footnotes":""},"categories":[23,30,22,4,29],"tags":[],"class_list":["post-35235","post","type-post","status-publish","format-standard","has-post-thumbnail","hentry","category-artigo","category-informativo-core-ce","category-eventos","category-noticias","category-ofertas"],"_links":{"self":[{"href":"https:\/\/corece.org.br\/site\/wp-json\/wp\/v2\/posts\/35235","targetHints":{"allow":["GET"]}}],"collection":[{"href":"https:\/\/corece.org.br\/site\/wp-json\/wp\/v2\/posts"}],"about":[{"href":"https:\/\/corece.org.br\/site\/wp-json\/wp\/v2\/types\/post"}],"author":[{"embeddable":true,"href":"https:\/\/corece.org.br\/site\/wp-json\/wp\/v2\/users\/4"}],"replies":[{"embeddable":true,"href":"https:\/\/corece.org.br\/site\/wp-json\/wp\/v2\/comments?post=35235"}],"version-history":[{"count":1,"href":"https:\/\/corece.org.br\/site\/wp-json\/wp\/v2\/posts\/35235\/revisions"}],"predecessor-version":[{"id":35241,"href":"https:\/\/corece.org.br\/site\/wp-json\/wp\/v2\/posts\/35235\/revisions\/35241"}],"wp:featuredmedia":[{"embeddable":true,"href":"https:\/\/corece.org.br\/site\/wp-json\/wp\/v2\/media\/35237"}],"wp:attachment":[{"href":"https:\/\/corece.org.br\/site\/wp-json\/wp\/v2\/media?parent=35235"}],"wp:term":[{"taxonomy":"category","embeddable":true,"href":"https:\/\/corece.org.br\/site\/wp-json\/wp\/v2\/categories?post=35235"},{"taxonomy":"post_tag","embeddable":true,"href":"https:\/\/corece.org.br\/site\/wp-json\/wp\/v2\/tags?post=35235"}],"curies":[{"name":"wp","href":"https:\/\/api.w.org\/{rel}","templated":true}]}}