{"id":35762,"date":"2026-04-30T16:01:26","date_gmt":"2026-04-30T19:01:26","guid":{"rendered":"https:\/\/corece.org.br\/site\/?p=35762"},"modified":"2026-04-30T16:01:41","modified_gmt":"2026-04-30T19:01:41","slug":"prazo-final-da-anuidade-2026-se-encerra-hoje","status":"publish","type":"post","link":"https:\/\/corece.org.br\/site\/prazo-final-da-anuidade-2026-se-encerra-hoje\/","title":{"rendered":"Prazo final da anuidade 2026 se encerra hoje"},"content":{"rendered":"<div class=\"wp-block-image\">\n<figure class=\"aligncenter size-large is-resized\"><img fetchpriority=\"high\" decoding=\"async\" width=\"576\" height=\"1024\" src=\"https:\/\/corece.org.br\/site\/wp-content\/uploads\/2026\/04\/Planejamento-de-vendas-1.jpg-576x1024.jpeg\" alt=\"\" class=\"wp-image-35763\" style=\"aspect-ratio:3\/4;object-fit:cover;width:365px;height:auto\" srcset=\"https:\/\/corece.org.br\/site\/wp-content\/uploads\/2026\/04\/Planejamento-de-vendas-1.jpg-576x1024.jpeg 576w, https:\/\/corece.org.br\/site\/wp-content\/uploads\/2026\/04\/Planejamento-de-vendas-1.jpg-169x300.jpeg 169w, https:\/\/corece.org.br\/site\/wp-content\/uploads\/2026\/04\/Planejamento-de-vendas-1.jpg-768x1365.jpeg 768w, https:\/\/corece.org.br\/site\/wp-content\/uploads\/2026\/04\/Planejamento-de-vendas-1.jpg-864x1536.jpeg 864w, https:\/\/corece.org.br\/site\/wp-content\/uploads\/2026\/04\/Planejamento-de-vendas-1.jpg.jpeg 1080w\" sizes=\"(max-width: 576px) 100vw, 576px\" \/><\/figure>\n<\/div>\n\n\n<p>Os Representantes Comerciais devem ficar atentos: o prazo para pagamento da anuidade referente ao exerc\u00edcio de 2026 encerra <strong>hoje<\/strong> (30\/04\/26), conforme estabelecido pela legisla\u00e7\u00e3o vigente que regulamenta a atividade profissional. A quita\u00e7\u00e3o dentro do prazo \u00e9 indispens\u00e1vel para garantir a regularidade do registro junto ao Conselho Regional dos Representantes Comerciais.<\/p>\n\n\n\n<p>O n\u00e3o pagamento at\u00e9 a data limite implica incid\u00eancia de juros, multas e poss\u00edveis restri\u00e7\u00f5es administrativas, podendo comprometer o exerc\u00edcio regular da profiss\u00e3o. Por isso, a orienta\u00e7\u00e3o do Core-CE \u00e9 que os profissionais regularizem sua situa\u00e7\u00e3o imediatamente, evitando preju\u00edzos futuros.<\/p>\n\n\n\n<p>Para aqueles que desejam optar pelo parcelamento, tamb\u00e9m \u00e9 necess\u00e1rio realizar a ades\u00e3o dentro do prazo legal. O pagamento inicial dentro da data estabelecida assegura a efetiva\u00e7\u00e3o do parcelamento e a manuten\u00e7\u00e3o das condi\u00e7\u00f5es previstas.<\/p>\n\n\n\n<p>O Core-CE refor\u00e7a que disponibiliza canais de atendimento para auxiliar os profissionais com d\u00favidas, negocia\u00e7\u00e3o de d\u00e9bitos e orienta\u00e7\u00f5es gerais.<\/p>\n\n\n\n<p><strong>Canais de atendimento:<\/strong><\/p>\n\n\n\n<ul class=\"wp-block-list\">\n<li><strong>WhatsApp: <\/strong>(85) 98879-7235 (Op\u00e7\u00e3o 2)<\/li>\n\n\n\n<li><strong>Telefone:<\/strong> (85) 3272-4010 (Op\u00e7\u00e3o 1)<\/li>\n\n\n\n<li><strong>E-mail: <\/strong><a>financeiro04@corece.org.br<\/a><\/li>\n\n\n\n<li><strong>Atendimento presencial:<\/strong> segunda a sexta-feira, das 8h \u00e0s 17h<\/li>\n<\/ul>\n\n\n\n<p>A recomenda\u00e7\u00e3o \u00e9 clara: regularize sua situa\u00e7\u00e3o ainda hoje e evite encargos adicionais, mantendo seu registro ativo e em conformidade com a lei.<\/p>\n\n\n\n<p><\/p>\n","protected":false},"excerpt":{"rendered":"<p>Os Representantes Comerciais devem ficar atentos: o prazo para pagamento da anuidade referente ao exerc\u00edcio de 2026 encerra hoje (30\/04\/26), conforme estabelecido pela legisla\u00e7\u00e3o vigente que regulamenta a atividade profissional. A quita\u00e7\u00e3o dentro do prazo \u00e9 indispens\u00e1vel para garantir a regularidade do registro junto ao Conselho Regional dos Representantes Comerciais. O n\u00e3o pagamento at\u00e9 a [&hellip;]<\/p>\n","protected":false},"author":4,"featured_media":35763,"comment_status":"open","ping_status":"open","sticky":false,"template":"","format":"standard","meta":{"footnotes":""},"categories":[23,32,30,22,4,29,28],"tags":[],"class_list":["post-35762","post","type-post","status-publish","format-standard","has-post-thumbnail","hentry","category-artigo","category-cartilhas","category-informativo-core-ce","category-eventos","category-noticias","category-ofertas","category-representantes"],"_links":{"self":[{"href":"https:\/\/corece.org.br\/site\/wp-json\/wp\/v2\/posts\/35762","targetHints":{"allow":["GET"]}}],"collection":[{"href":"https:\/\/corece.org.br\/site\/wp-json\/wp\/v2\/posts"}],"about":[{"href":"https:\/\/corece.org.br\/site\/wp-json\/wp\/v2\/types\/post"}],"author":[{"embeddable":true,"href":"https:\/\/corece.org.br\/site\/wp-json\/wp\/v2\/users\/4"}],"replies":[{"embeddable":true,"href":"https:\/\/corece.org.br\/site\/wp-json\/wp\/v2\/comments?post=35762"}],"version-history":[{"count":1,"href":"https:\/\/corece.org.br\/site\/wp-json\/wp\/v2\/posts\/35762\/revisions"}],"predecessor-version":[{"id":35764,"href":"https:\/\/corece.org.br\/site\/wp-json\/wp\/v2\/posts\/35762\/revisions\/35764"}],"wp:featuredmedia":[{"embeddable":true,"href":"https:\/\/corece.org.br\/site\/wp-json\/wp\/v2\/media\/35763"}],"wp:attachment":[{"href":"https:\/\/corece.org.br\/site\/wp-json\/wp\/v2\/media?parent=35762"}],"wp:term":[{"taxonomy":"category","embeddable":true,"href":"https:\/\/corece.org.br\/site\/wp-json\/wp\/v2\/categories?post=35762"},{"taxonomy":"post_tag","embeddable":true,"href":"https:\/\/corece.org.br\/site\/wp-json\/wp\/v2\/tags?post=35762"}],"curies":[{"name":"wp","href":"https:\/\/api.w.org\/{rel}","templated":true}]}}