{"id":35966,"date":"2026-08-07T17:01:50","date_gmt":"2026-08-07T20:01:50","guid":{"rendered":"https:\/\/corece.org.br\/site\/?p=35966"},"modified":"2026-08-26T14:38:20","modified_gmt":"2026-08-26T17:38:20","slug":"core-ce-atende-mais-de-100-representantes-comerciais-durante-acao-de-regularizacao","status":"publish","type":"post","link":"https:\/\/corece.org.br\/site\/core-ce-atende-mais-de-100-representantes-comerciais-durante-acao-de-regularizacao\/","title":{"rendered":"Core-CE atende mais de 100 Representantes Comerciais durante a\u00e7\u00e3o de regulariza\u00e7\u00e3o"},"content":{"rendered":"\t\t<div data-elementor-type=\"wp-post\" data-elementor-id=\"35966\" class=\"elementor elementor-35966\" data-elementor-post-type=\"post\">\n\t\t\t\t<div class=\"elementor-element elementor-element-2e452ae4 e-flex e-con-boxed e-con e-parent\" data-id=\"2e452ae4\" data-element_type=\"container\" data-e-type=\"container\">\n\t\t\t\t\t<div class=\"e-con-inner\">\n\t\t\t\t<div class=\"elementor-element elementor-element-8e32a91 elementor-widget elementor-widget-image\" data-id=\"8e32a91\" data-element_type=\"widget\" data-e-type=\"widget\" data-widget_type=\"image.default\">\n\t\t\t\t<div class=\"elementor-widget-container\">\n\t\t\t\t\t\t\t\t\t\t\t\t\t\t\t<img fetchpriority=\"high\" decoding=\"async\" width=\"768\" height=\"960\" src=\"https:\/\/corece.org.br\/site\/wp-content\/uploads\/2026\/08\/Mais-de-100-representantes-comerciais-foram-atendidos-pelo-Core-CE-durante-a-acao-de-atualizacao-768x960.jpg\" class=\"attachment-medium_large size-medium_large wp-image-35983\" alt=\"\" srcset=\"https:\/\/corece.org.br\/site\/wp-content\/uploads\/2026\/08\/Mais-de-100-representantes-comerciais-foram-atendidos-pelo-Core-CE-durante-a-acao-de-atualizacao-768x960.jpg 768w, https:\/\/corece.org.br\/site\/wp-content\/uploads\/2026\/08\/Mais-de-100-representantes-comerciais-foram-atendidos-pelo-Core-CE-durante-a-acao-de-atualizacao-240x300.jpg 240w, https:\/\/corece.org.br\/site\/wp-content\/uploads\/2026\/08\/Mais-de-100-representantes-comerciais-foram-atendidos-pelo-Core-CE-durante-a-acao-de-atualizacao-819x1024.jpg 819w, https:\/\/corece.org.br\/site\/wp-content\/uploads\/2026\/08\/Mais-de-100-representantes-comerciais-foram-atendidos-pelo-Core-CE-durante-a-acao-de-atualizacao.jpg 1170w\" sizes=\"(max-width: 768px) 100vw, 768px\" \/>\t\t\t\t\t\t\t\t\t\t\t\t\t\t\t<\/div>\n\t\t\t\t<\/div>\n\t\t\t\t<div class=\"elementor-element elementor-element-5a8f84a0 elementor-widget elementor-widget-text-editor\" data-id=\"5a8f84a0\" data-element_type=\"widget\" data-e-type=\"widget\" data-widget_type=\"text-editor.default\">\n\t\t\t\t<div class=\"elementor-widget-container\">\n\t\t\t\t\t\t\t\t\t\n<p class=\"wp-block-paragraph\"><strong>Mutir\u00e3o realizado entre os dias 4 e 6 de agosto, na Central de Concilia\u00e7\u00e3o da Justi\u00e7a Federal, ampliou o acesso dos profissionais a servi\u00e7os de atualiza\u00e7\u00e3o cadastral, regulariza\u00e7\u00e3o e negocia\u00e7\u00e3o de d\u00e9bitos<\/strong><\/p>\n\n\n\n<p class=\"wp-block-paragraph\">Mais de 100 Representantes Comerciais foram atendidos pelo Conselho Regional dos Representantes Comerciais no Estado do Cear\u00e1 (Core-CE) durante a a\u00e7\u00e3o voltada \u00e0 atualiza\u00e7\u00e3o cadastral, regulariza\u00e7\u00e3o do registro profissional e negocia\u00e7\u00e3o de d\u00e9bitos.<\/p>\n\n\n\n<p class=\"wp-block-paragraph\">A iniciativa foi realizada entre os dias 4 e 6 de agosto, na Central de Concilia\u00e7\u00e3o da Justi\u00e7a Federal, em Fortaleza, e contou com atendimentos presenciais e on-line. A a\u00e7\u00e3o proporcionou aos profissionais uma oportunidade para esclarecer d\u00favidas, atualizar informa\u00e7\u00f5es e buscar solu\u00e7\u00f5es para pend\u00eancias relacionadas ao registro profissional.<\/p>\n\n\n\n<h2 class=\"wp-block-heading\">Atendimento antes e durante o mutir\u00e3o<\/h2>\n\n\n\n<p class=\"wp-block-paragraph\">Al\u00e9m dos atendimentos realizados na Central de Concilia\u00e7\u00e3o, diversos Representantes Comerciais procuraram previamente o Core-CE para negociar d\u00e9bitos e formalizar acordos.<\/p>\n\n\n\n<p class=\"wp-block-paragraph\">A procura antecipada demonstra o interesse dos profissionais em manter sua situa\u00e7\u00e3o regularizada e em dia com suas obriga\u00e7\u00f5es, fortalecendo a import\u00e2ncia da regularidade profissional para o exerc\u00edcio da Representa\u00e7\u00e3o Comercial.<\/p>\n\n\n\n<p class=\"wp-block-paragraph\">A atua\u00e7\u00e3o do Conselho tamb\u00e9m permitiu que os profissionais recebessem orienta\u00e7\u00f5es individualizadas sobre os procedimentos necess\u00e1rios para a atualiza\u00e7\u00e3o de seus dados e regulariza\u00e7\u00e3o de eventuais pend\u00eancias.<\/p>\n\n\n\n<h2 class=\"wp-block-heading\">Integra\u00e7\u00e3o entre setores fortaleceu a a\u00e7\u00e3o<\/h2>\n\n\n\n<p class=\"wp-block-paragraph\">Para garantir um atendimento completo aos Representantes Comerciais, a iniciativa contou com a atua\u00e7\u00e3o integrada de diferentes \u00e1reas do Core-CE.<\/p>\n\n\n\n<p class=\"wp-block-paragraph\">Participaram da a\u00e7\u00e3o as equipes dos setores de <strong>Arrecada\u00e7\u00e3o, Regularidade Profissional, Rela\u00e7\u00f5es Institucionais e Comunica\u00e7\u00e3o<\/strong>, que trabalharam de forma conjunta no acolhimento, orienta\u00e7\u00e3o e encaminhamento das demandas apresentadas pelos profissionais.<\/p>\n\n\n\n<p class=\"wp-block-paragraph\">A integra\u00e7\u00e3o entre os setores contribuiu para tornar o atendimento mais organizado e eficiente, possibilitando que diferentes necessidades fossem identificadas e encaminhadas durante o per\u00edodo da a\u00e7\u00e3o.<\/p>\n\n\n\n<h2 class=\"wp-block-heading\">Compromisso com a regularidade profissional<\/h2>\n\n\n\n<p class=\"wp-block-paragraph\">A realiza\u00e7\u00e3o do mutir\u00e3o refor\u00e7a o compromisso do Core-CE com a aproxima\u00e7\u00e3o junto aos Representantes Comerciais e com a oferta de servi\u00e7os que facilitem a regulariza\u00e7\u00e3o profissional.<\/p>\n\n\n\n<p class=\"wp-block-paragraph\">Para o Conselho, a\u00e7\u00f5es como essa contribuem n\u00e3o apenas para a solu\u00e7\u00e3o de pend\u00eancias, mas tamb\u00e9m para fortalecer a rela\u00e7\u00e3o institucional com a categoria, ampliar o acesso \u00e0 informa\u00e7\u00e3o e incentivar a atua\u00e7\u00e3o regular dos profissionais.<\/p>\n\n\n\n<p class=\"wp-block-paragraph\">O Core-CE agradece a confian\u00e7a dos Representantes Comerciais que participaram da iniciativa e reafirma seu compromisso de oferecer um atendimento cada vez mais pr\u00f3ximo, eficiente e orientado \u00e0s necessidades da categoria, contribuindo para o fortalecimento da Representa\u00e7\u00e3o Comercial no Cear\u00e1.<\/p>\n\t\t\t\t\t\t\t\t<\/div>\n\t\t\t\t<\/div>\n\t\t\t\t<div class=\"elementor-element elementor-element-ed9fe1e elementor-widget elementor-widget-gallery\" data-id=\"ed9fe1e\" data-element_type=\"widget\" data-e-type=\"widget\" data-settings=\"{&quot;lazyload&quot;:&quot;yes&quot;,&quot;gallery_layout&quot;:&quot;grid&quot;,&quot;columns&quot;:4,&quot;columns_tablet&quot;:2,&quot;columns_mobile&quot;:1,&quot;gap&quot;:{&quot;unit&quot;:&quot;px&quot;,&quot;size&quot;:10,&quot;sizes&quot;:[]},&quot;gap_tablet&quot;:{&quot;unit&quot;:&quot;px&quot;,&quot;size&quot;:10,&quot;sizes&quot;:[]},&quot;gap_mobile&quot;:{&quot;unit&quot;:&quot;px&quot;,&quot;size&quot;:10,&quot;sizes&quot;:[]},&quot;link_to&quot;:&quot;file&quot;,&quot;aspect_ratio&quot;:&quot;3:2&quot;,&quot;overlay_background&quot;:&quot;yes&quot;,&quot;content_hover_animation&quot;:&quot;fade-in&quot;}\" data-widget_type=\"gallery.default\">\n\t\t\t\t<div class=\"elementor-widget-container\">\n\t\t\t\t\t\t\t<div class=\"elementor-gallery__container\">\n\t\t\t\t\t\t\t<a class=\"e-gallery-item elementor-gallery-item elementor-animated-content\" href=\"https:\/\/corece.org.br\/site\/wp-content\/uploads\/2026\/08\/Mais-de-100-representantes-comerciais-foram-atendidos-pelo-Core-CE-durante-a-acao-de-atualizacao-1.jpg\" data-elementor-open-lightbox=\"yes\" data-elementor-lightbox-slideshow=\"ed9fe1e\" data-elementor-lightbox-title=\"Mais de 100 representantes comerciais foram atendidos pelo Core-CE durante a a\u00e7\u00e3o de atualiza\u00e7\u00e3o (1)\" data-e-action-hash=\"#elementor-action%3Aaction%3Dlightbox%26settings%3DeyJpZCI6MzU5ODIsInVybCI6Imh0dHBzOlwvXC9jb3JlY2Uub3JnLmJyXC9zaXRlXC93cC1jb250ZW50XC91cGxvYWRzXC8yMDI2XC8wOFwvTWFpcy1kZS0xMDAtcmVwcmVzZW50YW50ZXMtY29tZXJjaWFpcy1mb3JhbS1hdGVuZGlkb3MtcGVsby1Db3JlLUNFLWR1cmFudGUtYS1hY2FvLWRlLWF0dWFsaXphY2FvLTEuanBnIiwic2xpZGVzaG93IjoiZWQ5ZmUxZSJ9\">\n\t\t\t\t\t<div class=\"e-gallery-image elementor-gallery-item__image\" data-thumbnail=\"https:\/\/corece.org.br\/site\/wp-content\/uploads\/2026\/08\/Mais-de-100-representantes-comerciais-foram-atendidos-pelo-Core-CE-durante-a-acao-de-atualizacao-1-240x300.jpg\" data-width=\"240\" data-height=\"300\" aria-label=\"\" role=\"img\" ><\/div>\n\t\t\t\t\t\t\t\t\t\t\t<div class=\"elementor-gallery-item__overlay\"><\/div>\n\t\t\t\t\t\t\t\t\t\t\t\t\t\t<\/a>\n\t\t\t\t\t\t\t<a class=\"e-gallery-item elementor-gallery-item elementor-animated-content\" href=\"https:\/\/corece.org.br\/site\/wp-content\/uploads\/2026\/08\/Mais-de-100-representantes-comerciais-foram-atendidos-pelo-Core-CE-durante-a-acao-de-atualizacao-2.jpg\" data-elementor-open-lightbox=\"yes\" data-elementor-lightbox-slideshow=\"ed9fe1e\" data-elementor-lightbox-title=\"Mais de 100 representantes comerciais foram atendidos pelo Core-CE durante a a\u00e7\u00e3o de atualiza\u00e7\u00e3o (2)\" data-e-action-hash=\"#elementor-action%3Aaction%3Dlightbox%26settings%3DeyJpZCI6MzU5ODEsInVybCI6Imh0dHBzOlwvXC9jb3JlY2Uub3JnLmJyXC9zaXRlXC93cC1jb250ZW50XC91cGxvYWRzXC8yMDI2XC8wOFwvTWFpcy1kZS0xMDAtcmVwcmVzZW50YW50ZXMtY29tZXJjaWFpcy1mb3JhbS1hdGVuZGlkb3MtcGVsby1Db3JlLUNFLWR1cmFudGUtYS1hY2FvLWRlLWF0dWFsaXphY2FvLTIuanBnIiwic2xpZGVzaG93IjoiZWQ5ZmUxZSJ9\">\n\t\t\t\t\t<div class=\"e-gallery-image elementor-gallery-item__image\" data-thumbnail=\"https:\/\/corece.org.br\/site\/wp-content\/uploads\/2026\/08\/Mais-de-100-representantes-comerciais-foram-atendidos-pelo-Core-CE-durante-a-acao-de-atualizacao-2-240x300.jpg\" data-width=\"240\" data-height=\"300\" aria-label=\"\" role=\"img\" ><\/div>\n\t\t\t\t\t\t\t\t\t\t\t<div class=\"elementor-gallery-item__overlay\"><\/div>\n\t\t\t\t\t\t\t\t\t\t\t\t\t\t<\/a>\n\t\t\t\t\t\t\t<a class=\"e-gallery-item elementor-gallery-item elementor-animated-content\" href=\"https:\/\/corece.org.br\/site\/wp-content\/uploads\/2026\/08\/Mais-de-100-representantes-comerciais-foram-atendidos-pelo-Core-CE-durante-a-acao-de-atualizacao-3.jpg\" data-elementor-open-lightbox=\"yes\" data-elementor-lightbox-slideshow=\"ed9fe1e\" data-elementor-lightbox-title=\"Mais de 100 representantes comerciais foram atendidos pelo Core-CE durante a a\u00e7\u00e3o de atualiza\u00e7\u00e3o (3)\" data-e-action-hash=\"#elementor-action%3Aaction%3Dlightbox%26settings%3DeyJpZCI6MzU5ODAsInVybCI6Imh0dHBzOlwvXC9jb3JlY2Uub3JnLmJyXC9zaXRlXC93cC1jb250ZW50XC91cGxvYWRzXC8yMDI2XC8wOFwvTWFpcy1kZS0xMDAtcmVwcmVzZW50YW50ZXMtY29tZXJjaWFpcy1mb3JhbS1hdGVuZGlkb3MtcGVsby1Db3JlLUNFLWR1cmFudGUtYS1hY2FvLWRlLWF0dWFsaXphY2FvLTMuanBnIiwic2xpZGVzaG93IjoiZWQ5ZmUxZSJ9\">\n\t\t\t\t\t<div class=\"e-gallery-image elementor-gallery-item__image\" data-thumbnail=\"https:\/\/corece.org.br\/site\/wp-content\/uploads\/2026\/08\/Mais-de-100-representantes-comerciais-foram-atendidos-pelo-Core-CE-durante-a-acao-de-atualizacao-3-240x300.jpg\" data-width=\"240\" data-height=\"300\" aria-label=\"\" role=\"img\" ><\/div>\n\t\t\t\t\t\t\t\t\t\t\t<div class=\"elementor-gallery-item__overlay\"><\/div>\n\t\t\t\t\t\t\t\t\t\t\t\t\t\t<\/a>\n\t\t\t\t\t\t\t<a class=\"e-gallery-item elementor-gallery-item elementor-animated-content\" href=\"https:\/\/corece.org.br\/site\/wp-content\/uploads\/2026\/08\/Mais-de-100-representantes-comerciais-foram-atendidos-pelo-Core-CE-durante-a-acao-de-atualizacao-4.jpg\" data-elementor-open-lightbox=\"yes\" data-elementor-lightbox-slideshow=\"ed9fe1e\" data-elementor-lightbox-title=\"Mais de 100 representantes comerciais foram atendidos pelo Core-CE durante a a\u00e7\u00e3o de atualiza\u00e7\u00e3o (4)\" data-e-action-hash=\"#elementor-action%3Aaction%3Dlightbox%26settings%3DeyJpZCI6MzU5NzcsInVybCI6Imh0dHBzOlwvXC9jb3JlY2Uub3JnLmJyXC9zaXRlXC93cC1jb250ZW50XC91cGxvYWRzXC8yMDI2XC8wOFwvTWFpcy1kZS0xMDAtcmVwcmVzZW50YW50ZXMtY29tZXJjaWFpcy1mb3JhbS1hdGVuZGlkb3MtcGVsby1Db3JlLUNFLWR1cmFudGUtYS1hY2FvLWRlLWF0dWFsaXphY2FvLTQuanBnIiwic2xpZGVzaG93IjoiZWQ5ZmUxZSJ9\">\n\t\t\t\t\t<div class=\"e-gallery-image elementor-gallery-item__image\" data-thumbnail=\"https:\/\/corece.org.br\/site\/wp-content\/uploads\/2026\/08\/Mais-de-100-representantes-comerciais-foram-atendidos-pelo-Core-CE-durante-a-acao-de-atualizacao-4-240x300.jpg\" data-width=\"240\" data-height=\"300\" aria-label=\"\" role=\"img\" ><\/div>\n\t\t\t\t\t\t\t\t\t\t\t<div class=\"elementor-gallery-item__overlay\"><\/div>\n\t\t\t\t\t\t\t\t\t\t\t\t\t\t<\/a>\n\t\t\t\t\t\t\t<a class=\"e-gallery-item elementor-gallery-item elementor-animated-content\" href=\"https:\/\/corece.org.br\/site\/wp-content\/uploads\/2026\/08\/WhatsApp-Image-2026-08-07-at-16.57.50.jpeg\" data-elementor-open-lightbox=\"yes\" data-elementor-lightbox-slideshow=\"ed9fe1e\" data-elementor-lightbox-title=\"WhatsApp Image 2026-08-07 at 16.57.50\" data-e-action-hash=\"#elementor-action%3Aaction%3Dlightbox%26settings%3DeyJpZCI6MzU5NjcsInVybCI6Imh0dHBzOlwvXC9jb3JlY2Uub3JnLmJyXC9zaXRlXC93cC1jb250ZW50XC91cGxvYWRzXC8yMDI2XC8wOFwvV2hhdHNBcHAtSW1hZ2UtMjAyNi0wOC0wNy1hdC0xNi41Ny41MC5qcGVnIiwic2xpZGVzaG93IjoiZWQ5ZmUxZSJ9\">\n\t\t\t\t\t<div class=\"e-gallery-image elementor-gallery-item__image\" data-thumbnail=\"https:\/\/corece.org.br\/site\/wp-content\/uploads\/2026\/08\/WhatsApp-Image-2026-08-07-at-16.57.50-225x300.jpeg\" data-width=\"225\" data-height=\"300\" aria-label=\"\" role=\"img\" ><\/div>\n\t\t\t\t\t\t\t\t\t\t\t<div class=\"elementor-gallery-item__overlay\"><\/div>\n\t\t\t\t\t\t\t\t\t\t\t\t\t\t<\/a>\n\t\t\t\t\t<\/div>\n\t\t\t\t\t<\/div>\n\t\t\t\t<\/div>\n\t\t\t\t\t<\/div>\n\t\t\t\t<\/div>\n\t\t\t\t<\/div>\n\t\t","protected":false},"excerpt":{"rendered":"<p>Mutir\u00e3o realizado entre os dias 4 e 6 de agosto, na Central de Concilia\u00e7\u00e3o da Justi\u00e7a Federal, ampliou o acesso dos profissionais a servi\u00e7os de atualiza\u00e7\u00e3o cadastral, regulariza\u00e7\u00e3o e negocia\u00e7\u00e3o de d\u00e9bitos Mais de 100 Representantes Comerciais foram atendidos pelo Conselho Regional dos Representantes Comerciais no Estado do Cear\u00e1 (Core-CE) durante a a\u00e7\u00e3o voltada \u00e0 [&hellip;]<\/p>\n","protected":false},"author":4,"featured_media":35981,"comment_status":"open","ping_status":"open","sticky":false,"template":"","format":"standard","meta":{"footnotes":""},"categories":[22,4,1],"tags":[],"class_list":["post-35966","post","type-post","status-publish","format-standard","has-post-thumbnail","hentry","category-eventos","category-noticias","category-uncategorized"],"_links":{"self":[{"href":"https:\/\/corece.org.br\/site\/wp-json\/wp\/v2\/posts\/35966","targetHints":{"allow":["GET"]}}],"collection":[{"href":"https:\/\/corece.org.br\/site\/wp-json\/wp\/v2\/posts"}],"about":[{"href":"https:\/\/corece.org.br\/site\/wp-json\/wp\/v2\/types\/post"}],"author":[{"embeddable":true,"href":"https:\/\/corece.org.br\/site\/wp-json\/wp\/v2\/users\/4"}],"replies":[{"embeddable":true,"href":"https:\/\/corece.org.br\/site\/wp-json\/wp\/v2\/comments?post=35966"}],"version-history":[{"count":5,"href":"https:\/\/corece.org.br\/site\/wp-json\/wp\/v2\/posts\/35966\/revisions"}],"predecessor-version":[{"id":35988,"href":"https:\/\/corece.org.br\/site\/wp-json\/wp\/v2\/posts\/35966\/revisions\/35988"}],"wp:featuredmedia":[{"embeddable":true,"href":"https:\/\/corece.org.br\/site\/wp-json\/wp\/v2\/media\/35981"}],"wp:attachment":[{"href":"https:\/\/corece.org.br\/site\/wp-json\/wp\/v2\/media?parent=35966"}],"wp:term":[{"taxonomy":"category","embeddable":true,"href":"https:\/\/corece.org.br\/site\/wp-json\/wp\/v2\/categories?post=35966"},{"taxonomy":"post_tag","embeddable":true,"href":"https:\/\/corece.org.br\/site\/wp-json\/wp\/v2\/tags?post=35966"}],"curies":[{"name":"wp","href":"https:\/\/api.w.org\/{rel}","templated":true}]}}