{"id":35990,"date":"2026-08-21T11:15:32","date_gmt":"2026-08-21T14:15:32","guid":{"rendered":"https:\/\/corece.org.br\/site\/?p=35990"},"modified":"2026-08-21T11:24:31","modified_gmt":"2026-08-21T14:24:31","slug":"core-ce-participa-do-seminario-de-aquisicoes-do-sistema-confere-cores","status":"publish","type":"post","link":"https:\/\/corece.org.br\/site\/core-ce-participa-do-seminario-de-aquisicoes-do-sistema-confere-cores\/","title":{"rendered":"Core-CE participa do Semin\u00e1rio de Aquisi\u00e7\u00f5es do Sistema Confere\/Cores"},"content":{"rendered":"<div class=\"wp-block-image\">\n<figure class=\"aligncenter size-large is-resized\"><img fetchpriority=\"high\" decoding=\"async\" width=\"1024\" height=\"667\" src=\"https:\/\/corece.org.br\/site\/wp-content\/uploads\/2026\/08\/DSC_1797-1024x667.jpg\" alt=\"\" class=\"wp-image-35991\" style=\"aspect-ratio:1.5352981494174092;width:613px;height:auto\" srcset=\"https:\/\/corece.org.br\/site\/wp-content\/uploads\/2026\/08\/DSC_1797-1024x667.jpg 1024w, https:\/\/corece.org.br\/site\/wp-content\/uploads\/2026\/08\/DSC_1797-300x195.jpg 300w, https:\/\/corece.org.br\/site\/wp-content\/uploads\/2026\/08\/DSC_1797-768x500.jpg 768w, https:\/\/corece.org.br\/site\/wp-content\/uploads\/2026\/08\/DSC_1797-1536x1000.jpg 1536w, https:\/\/corece.org.br\/site\/wp-content\/uploads\/2026\/08\/DSC_1797.jpg 2048w\" sizes=\"(max-width: 1024px) 100vw, 1024px\" \/><\/figure>\n<\/div>\n\n\n<p class=\"wp-block-paragraph\">O <strong>Conselho Regional dos Representantes Comerciais no Estado do Cear\u00e1 (Core-CE)<\/strong> participou do <strong>Semin\u00e1rio de Aquisi\u00e7\u00f5es do Sistema Confere\/Cores<\/strong>, realizado ao longo de tr\u00eas dias, reunindo representantes dos Conselhos e profissionais convidados para um amplo momento de <strong>capacita\u00e7\u00e3o, integra\u00e7\u00e3o e troca de experi\u00eancias<\/strong> sobre aquisi\u00e7\u00f5es e contrata\u00e7\u00f5es p\u00fablicas.<\/p>\n\n\n\n<p class=\"wp-block-paragraph\">Representando o Core-CE, participaram o <strong>Presidente Luis Jos\u00e9 Souza<\/strong>, a <strong>Coordenadora Administrativa Ana Paula<\/strong> e o <strong>Assistente Administrativo Fernando Douglas<\/strong>, que acompanharam a programa\u00e7\u00e3o e os conte\u00fados apresentados durante o encontro.<\/p>\n\n\n\n<p class=\"wp-block-paragraph\">O semin\u00e1rio promoveu discuss\u00f5es sobre <strong>boas pr\u00e1ticas, inova\u00e7\u00e3o, tecnologia, planejamento, gest\u00e3o e efici\u00eancia nas contrata\u00e7\u00f5es p\u00fablicas<\/strong>, proporcionando aos participantes a oportunidade de ampliar conhecimentos e conhecer diferentes experi\u00eancias aplicadas \u00e0 realidade da Administra\u00e7\u00e3o P\u00fablica.<\/p>\n\n\n\n<p class=\"wp-block-paragraph\">A programa\u00e7\u00e3o contou com a participa\u00e7\u00e3o de especialistas e profissionais convidados, entre eles <strong>B\u00e1rbara Sabadin Bueno, Poliana Braga, Vinicius Geronasso, Daniel de Ara\u00fajo Batista, Tatiana Camar\u00e3o, Andr\u00e9 Kuhn, M\u00e1rcio Medeiros, Heles Resende Silva J\u00fanior e Viviane Mafissoni<\/strong>, que compartilharam conhecimentos e experi\u00eancias em suas respectivas \u00e1reas de atua\u00e7\u00e3o.<\/p>\n\n\n\n<p class=\"wp-block-paragraph\">O evento tamb\u00e9m valorizou a experi\u00eancia dos <strong>colaboradores internos do Sistema Confere\/Cores<\/strong>, que apresentaram temas diretamente relacionados \u00e0s atividades administrativas e aos processos de contrata\u00e7\u00e3o, como <strong>SEI na pr\u00e1tica, contrata\u00e7\u00e3o de servi\u00e7os de marketing e cria\u00e7\u00e3o de conte\u00fado digital, Sistema de Registro de Pre\u00e7os, Contratos Administrativos e aplica\u00e7\u00f5es de Intelig\u00eancia Artificial na elabora\u00e7\u00e3o de DFD, ETP e TR<\/strong>.<\/p>\n\n\n\n<p class=\"wp-block-paragraph\">Para o Core-CE, a participa\u00e7\u00e3o no semin\u00e1rio contribuiu para o <strong>aprimoramento dos conhecimentos t\u00e9cnicos e administrativos<\/strong>, al\u00e9m de possibilitar a troca de experi\u00eancias com outros profissionais do Sistema e o contato com novas ferramentas e pr\u00e1ticas que podem contribuir para o aperfei\u00e7oamento dos processos de aquisi\u00e7\u00f5es e contrata\u00e7\u00f5es do Conselho.<\/p>\n\n\n\n<p class=\"wp-block-paragraph\">Ao final dos tr\u00eas dias, o semin\u00e1rio deixou como resultado um importante ambiente de <strong>aprendizado, integra\u00e7\u00e3o e fortalecimento institucional<\/strong>, reafirmando a import\u00e2ncia da capacita\u00e7\u00e3o cont\u00ednua para o desenvolvimento de uma gest\u00e3o cada vez mais eficiente e alinhada \u00e0s boas pr\u00e1ticas da Administra\u00e7\u00e3o P\u00fablica.<\/p>\n\n\n\n<p class=\"wp-block-paragraph\">O <strong>Core-CE agradece ao Sistema Confere pela realiza\u00e7\u00e3o do Semin\u00e1rio de Aquisi\u00e7\u00f5es e pela oportunidade de participar desse importante momento de conhecimento, integra\u00e7\u00e3o e aprimoramento institucional.<\/strong><\/p>\n\n\n\n<p class=\"wp-block-paragraph\"><strong>Confira alguns registros da participa\u00e7\u00e3o do Core-CE no Semin\u00e1rio de Aquisi\u00e7\u00f5es do Sistema Confere\/Cores.<\/strong><\/p>\n\n\n\n<figure class=\"wp-block-gallery has-nested-images columns-default is-cropped wp-block-gallery-1 is-layout-flex wp-block-gallery-is-layout-flex\">\n<figure class=\"wp-block-image size-large\"><img decoding=\"async\" width=\"682\" height=\"1024\" data-id=\"35998\" src=\"https:\/\/corece.org.br\/site\/wp-content\/uploads\/2026\/08\/WhatsApp-Image-2026-08-21-at-11.12.02-682x1024.jpeg\" alt=\"\" class=\"wp-image-35998\" srcset=\"https:\/\/corece.org.br\/site\/wp-content\/uploads\/2026\/08\/WhatsApp-Image-2026-08-21-at-11.12.02-682x1024.jpeg 682w, https:\/\/corece.org.br\/site\/wp-content\/uploads\/2026\/08\/WhatsApp-Image-2026-08-21-at-11.12.02-200x300.jpeg 200w, https:\/\/corece.org.br\/site\/wp-content\/uploads\/2026\/08\/WhatsApp-Image-2026-08-21-at-11.12.02-768x1153.jpeg 768w, https:\/\/corece.org.br\/site\/wp-content\/uploads\/2026\/08\/WhatsApp-Image-2026-08-21-at-11.12.02-1023x1536.jpeg 1023w, https:\/\/corece.org.br\/site\/wp-content\/uploads\/2026\/08\/WhatsApp-Image-2026-08-21-at-11.12.02.jpeg 1066w\" sizes=\"(max-width: 682px) 100vw, 682px\" \/><\/figure>\n\n\n\n<figure class=\"wp-block-image size-large\"><img decoding=\"async\" width=\"1024\" height=\"683\" data-id=\"35997\" src=\"https:\/\/corece.org.br\/site\/wp-content\/uploads\/2026\/08\/19916-1-1024x683.jpg\" alt=\"\" class=\"wp-image-35997\" srcset=\"https:\/\/corece.org.br\/site\/wp-content\/uploads\/2026\/08\/19916-1-1024x683.jpg 1024w, https:\/\/corece.org.br\/site\/wp-content\/uploads\/2026\/08\/19916-1-300x200.jpg 300w, https:\/\/corece.org.br\/site\/wp-content\/uploads\/2026\/08\/19916-1-768x512.jpg 768w, https:\/\/corece.org.br\/site\/wp-content\/uploads\/2026\/08\/19916-1-1536x1024.jpg 1536w, https:\/\/corece.org.br\/site\/wp-content\/uploads\/2026\/08\/19916-1.jpg 1920w\" sizes=\"(max-width: 1024px) 100vw, 1024px\" \/><\/figure>\n\n\n\n<figure class=\"wp-block-image size-large\"><img loading=\"lazy\" decoding=\"async\" width=\"1024\" height=\"683\" data-id=\"35996\" src=\"https:\/\/corece.org.br\/site\/wp-content\/uploads\/2026\/08\/19916-4-1024x683.jpg\" alt=\"\" class=\"wp-image-35996\" srcset=\"https:\/\/corece.org.br\/site\/wp-content\/uploads\/2026\/08\/19916-4-1024x683.jpg 1024w, https:\/\/corece.org.br\/site\/wp-content\/uploads\/2026\/08\/19916-4-300x200.jpg 300w, https:\/\/corece.org.br\/site\/wp-content\/uploads\/2026\/08\/19916-4-768x512.jpg 768w, https:\/\/corece.org.br\/site\/wp-content\/uploads\/2026\/08\/19916-4-1536x1024.jpg 1536w, https:\/\/corece.org.br\/site\/wp-content\/uploads\/2026\/08\/19916-4.jpg 1920w\" sizes=\"(max-width: 1024px) 100vw, 1024px\" \/><\/figure>\n\n\n\n<figure class=\"wp-block-image size-large\"><img loading=\"lazy\" decoding=\"async\" width=\"683\" height=\"1024\" data-id=\"35993\" src=\"https:\/\/corece.org.br\/site\/wp-content\/uploads\/2026\/08\/DSC_2844-683x1024.jpg\" alt=\"\" class=\"wp-image-35993\" srcset=\"https:\/\/corece.org.br\/site\/wp-content\/uploads\/2026\/08\/DSC_2844-683x1024.jpg 683w, https:\/\/corece.org.br\/site\/wp-content\/uploads\/2026\/08\/DSC_2844-200x300.jpg 200w, https:\/\/corece.org.br\/site\/wp-content\/uploads\/2026\/08\/DSC_2844-768x1152.jpg 768w, https:\/\/corece.org.br\/site\/wp-content\/uploads\/2026\/08\/DSC_2844-1024x1536.jpg 1024w, https:\/\/corece.org.br\/site\/wp-content\/uploads\/2026\/08\/DSC_2844.jpg 1365w\" sizes=\"(max-width: 683px) 100vw, 683px\" \/><\/figure>\n\n\n\n<figure class=\"wp-block-image size-large\"><img loading=\"lazy\" decoding=\"async\" width=\"683\" height=\"1024\" data-id=\"35992\" src=\"https:\/\/corece.org.br\/site\/wp-content\/uploads\/2026\/08\/DSC_2846-683x1024.jpg\" alt=\"\" class=\"wp-image-35992\" srcset=\"https:\/\/corece.org.br\/site\/wp-content\/uploads\/2026\/08\/DSC_2846-683x1024.jpg 683w, https:\/\/corece.org.br\/site\/wp-content\/uploads\/2026\/08\/DSC_2846-200x300.jpg 200w, https:\/\/corece.org.br\/site\/wp-content\/uploads\/2026\/08\/DSC_2846-768x1152.jpg 768w, https:\/\/corece.org.br\/site\/wp-content\/uploads\/2026\/08\/DSC_2846-1024x1536.jpg 1024w, https:\/\/corece.org.br\/site\/wp-content\/uploads\/2026\/08\/DSC_2846.jpg 1365w\" sizes=\"(max-width: 683px) 100vw, 683px\" \/><\/figure>\n\n\n\n<figure class=\"wp-block-image size-large\"><img loading=\"lazy\" decoding=\"async\" width=\"1024\" height=\"667\" data-id=\"35991\" src=\"https:\/\/corece.org.br\/site\/wp-content\/uploads\/2026\/08\/DSC_1797-1024x667.jpg\" alt=\"\" class=\"wp-image-35991\" srcset=\"https:\/\/corece.org.br\/site\/wp-content\/uploads\/2026\/08\/DSC_1797-1024x667.jpg 1024w, https:\/\/corece.org.br\/site\/wp-content\/uploads\/2026\/08\/DSC_1797-300x195.jpg 300w, https:\/\/corece.org.br\/site\/wp-content\/uploads\/2026\/08\/DSC_1797-768x500.jpg 768w, https:\/\/corece.org.br\/site\/wp-content\/uploads\/2026\/08\/DSC_1797-1536x1000.jpg 1536w, https:\/\/corece.org.br\/site\/wp-content\/uploads\/2026\/08\/DSC_1797.jpg 2048w\" sizes=\"(max-width: 1024px) 100vw, 1024px\" \/><\/figure>\n<\/figure>\n","protected":false},"excerpt":{"rendered":"<p>O Conselho Regional dos Representantes Comerciais no Estado do Cear\u00e1 (Core-CE) participou do Semin\u00e1rio de Aquisi\u00e7\u00f5es do Sistema Confere\/Cores, realizado ao longo de tr\u00eas dias, reunindo representantes dos Conselhos e profissionais convidados para um amplo momento de capacita\u00e7\u00e3o, integra\u00e7\u00e3o e troca de experi\u00eancias sobre aquisi\u00e7\u00f5es e contrata\u00e7\u00f5es p\u00fablicas. Representando o Core-CE, participaram o Presidente Luis [&hellip;]<\/p>\n","protected":false},"author":4,"featured_media":35991,"comment_status":"open","ping_status":"open","sticky":false,"template":"","format":"standard","meta":{"footnotes":""},"categories":[32,30,22,4,28,1,33],"tags":[36,42],"class_list":["post-35990","post","type-post","status-publish","format-standard","has-post-thumbnail","hentry","category-cartilhas","category-informativo-core-ce","category-eventos","category-noticias","category-representantes","category-uncategorized","category-sem-categoria","tag-institucional","tag-palestra"],"_links":{"self":[{"href":"https:\/\/corece.org.br\/site\/wp-json\/wp\/v2\/posts\/35990","targetHints":{"allow":["GET"]}}],"collection":[{"href":"https:\/\/corece.org.br\/site\/wp-json\/wp\/v2\/posts"}],"about":[{"href":"https:\/\/corece.org.br\/site\/wp-json\/wp\/v2\/types\/post"}],"author":[{"embeddable":true,"href":"https:\/\/corece.org.br\/site\/wp-json\/wp\/v2\/users\/4"}],"replies":[{"embeddable":true,"href":"https:\/\/corece.org.br\/site\/wp-json\/wp\/v2\/comments?post=35990"}],"version-history":[{"count":1,"href":"https:\/\/corece.org.br\/site\/wp-json\/wp\/v2\/posts\/35990\/revisions"}],"predecessor-version":[{"id":35999,"href":"https:\/\/corece.org.br\/site\/wp-json\/wp\/v2\/posts\/35990\/revisions\/35999"}],"wp:featuredmedia":[{"embeddable":true,"href":"https:\/\/corece.org.br\/site\/wp-json\/wp\/v2\/media\/35991"}],"wp:attachment":[{"href":"https:\/\/corece.org.br\/site\/wp-json\/wp\/v2\/media?parent=35990"}],"wp:term":[{"taxonomy":"category","embeddable":true,"href":"https:\/\/corece.org.br\/site\/wp-json\/wp\/v2\/categories?post=35990"},{"taxonomy":"post_tag","embeddable":true,"href":"https:\/\/corece.org.br\/site\/wp-json\/wp\/v2\/tags?post=35990"}],"curies":[{"name":"wp","href":"https:\/\/api.w.org\/{rel}","templated":true}]}}