{"id":36003,"date":"2026-08-27T09:25:48","date_gmt":"2026-08-27T12:25:48","guid":{"rendered":"https:\/\/corece.org.br\/site\/?p=36003"},"modified":"2026-08-27T11:30:08","modified_gmt":"2026-08-27T14:30:08","slug":"core-ce-apresenta-resultados-de-parceria-com-o-ministerio-do-trabalho-durante-seminario-de-fiscalizacao","status":"publish","type":"post","link":"https:\/\/corece.org.br\/site\/core-ce-apresenta-resultados-de-parceria-com-o-ministerio-do-trabalho-durante-seminario-de-fiscalizacao\/","title":{"rendered":"Core-CE apresenta resultados de parceria com o Minist\u00e9rio do Trabalho durante Semin\u00e1rio de Fiscaliza\u00e7\u00e3o"},"content":{"rendered":"<div class=\"wp-block-image\">\n<figure class=\"aligncenter size-large is-resized\"><img fetchpriority=\"high\" decoding=\"async\" width=\"1024\" height=\"683\" src=\"https:\/\/corece.org.br\/site\/wp-content\/uploads\/2026\/08\/IMG_3122-1024x683.jpg\" alt=\"\" class=\"wp-image-36004\" style=\"aspect-ratio:1.5003767687198235;width:768px;height:auto\" srcset=\"https:\/\/corece.org.br\/site\/wp-content\/uploads\/2026\/08\/IMG_3122-1024x683.jpg 1024w, https:\/\/corece.org.br\/site\/wp-content\/uploads\/2026\/08\/IMG_3122-300x200.jpg 300w, https:\/\/corece.org.br\/site\/wp-content\/uploads\/2026\/08\/IMG_3122-768x512.jpg 768w, https:\/\/corece.org.br\/site\/wp-content\/uploads\/2026\/08\/IMG_3122-1536x1024.jpg 1536w, https:\/\/corece.org.br\/site\/wp-content\/uploads\/2026\/08\/IMG_3122.jpg 2048w\" sizes=\"(max-width: 1024px) 100vw, 1024px\" \/><\/figure>\n<\/div>\n\n\n<p class=\"wp-block-paragraph\"><\/p>\n\n\n\n<p class=\"wp-block-paragraph\">O <strong>Conselho Regional dos Representantes Comerciais no Estado do Cear\u00e1 (Core-CE)<\/strong> participa do <strong>Semin\u00e1rio de Fiscaliza\u00e7\u00e3o do Sistema Confere\/Cores<\/strong>, promovido pelo Conselho Federal dos Representantes Comerciais (Confere), de <strong>25 a 27 de agosto, em Bras\u00edlia<\/strong>.<\/p>\n\n\n\n<p class=\"wp-block-paragraph\">Representando o Core-CE, participam do encontro <strong>Silvana Oliveira, Coordenadora de Regularidade Profissional, e Domilson Mendes, Fiscal<\/strong>, que integram uma programa\u00e7\u00e3o voltada ao aprimoramento t\u00e9cnico, \u00e0 capacita\u00e7\u00e3o e ao compartilhamento de experi\u00eancias entre os Conselhos Regionais.<\/p>\n\n\n\n<h2 class=\"wp-block-heading\">Core-CE apresenta experi\u00eancia de integra\u00e7\u00e3o com o Minist\u00e9rio do Trabalho<\/h2>\n\n\n\n<p class=\"wp-block-paragraph\">Um dos principais momentos da participa\u00e7\u00e3o do Core-CE no Semin\u00e1rio \u00e9 a <strong>apresenta\u00e7\u00e3o do estudo de caso sobre os resultados pr\u00e1ticos do Acordo de Coopera\u00e7\u00e3o T\u00e9cnica firmado entre o Conselho e o Minist\u00e9rio do Trabalho<\/strong>.<\/p>\n\n\n\n<p class=\"wp-block-paragraph\">A iniciativa demonstra como a <strong>coopera\u00e7\u00e3o entre institui\u00e7\u00f5es p\u00fablicas pode ampliar a efetividade das a\u00e7\u00f5es de fiscaliza\u00e7\u00e3o<\/strong>, por meio da integra\u00e7\u00e3o de informa\u00e7\u00f5es e do desenvolvimento de a\u00e7\u00f5es conjuntas voltadas ao acompanhamento de empresas e profissionais relacionados ao exerc\u00edcio da Representa\u00e7\u00e3o Comercial.<\/p>\n\n\n\n<p class=\"wp-block-paragraph\">Durante o encontro, a experi\u00eancia desenvolvida pelo Core-CE \u00e9 compartilhada como uma <strong>boa pr\u00e1tica no \u00e2mbito do Sistema Confere\/Cores<\/strong>, permitindo que outros Conselhos Regionais conhe\u00e7am os procedimentos adotados, os resultados alcan\u00e7ados e os aprendizados obtidos durante a execu\u00e7\u00e3o da parceria.<\/p>\n\n\n\n<p class=\"wp-block-paragraph\">A apresenta\u00e7\u00e3o tamb\u00e9m evidencia a import\u00e2ncia da articula\u00e7\u00e3o institucional para ampliar o alcance da fiscaliza\u00e7\u00e3o e contribuir para a identifica\u00e7\u00e3o de situa\u00e7\u00f5es relacionadas ao exerc\u00edcio irregular da atividade profissional.<\/p>\n\n\n\n<h2 class=\"wp-block-heading\">Semin\u00e1rio re\u00fane 23 temas sobre fiscaliza\u00e7\u00e3o<\/h2>\n\n\n\n<p class=\"wp-block-paragraph\">Ao longo dos tr\u00eas dias de programa\u00e7\u00e3o, o Semin\u00e1rio aborda <strong>23 temas relacionados \u00e0 atividade fiscalizat\u00f3ria<\/strong>, contemplando aspectos jur\u00eddicos, tecnol\u00f3gicos, operacionais e institucionais.<\/p>\n\n\n\n<p class=\"wp-block-paragraph\">Entre os assuntos est\u00e3o a fiscaliza\u00e7\u00e3o do exerc\u00edcio profissional, a obrigatoriedade de registro considerando CNAE e atividades secund\u00e1rias, o poder de pol\u00edcia dos fiscais de conselhos profissionais, os resultados da fiscaliza\u00e7\u00e3o e novas perspectivas para o aprimoramento da atividade final\u00edstica.<\/p>\n\n\n\n<p class=\"wp-block-paragraph\">A programa\u00e7\u00e3o tamb\u00e9m contempla ferramentas e tecnologias de apoio \u00e0 fiscaliza\u00e7\u00e3o, como <strong>InfoConv, dashboards, FiscApp e Sistema Gerenti<\/strong>, al\u00e9m de temas relacionados \u00e0 <strong>LGPD, E-Carta, Sistema Eletr\u00f4nico de Informa\u00e7\u00f5es (SEI)<\/strong>, atualiza\u00e7\u00e3o dos documentos de fiscaliza\u00e7\u00e3o e organiza\u00e7\u00e3o do fluxo de notifica\u00e7\u00f5es.<\/p>\n\n\n\n<p class=\"wp-block-paragraph\">O encontro ainda proporciona a apresenta\u00e7\u00e3o de iniciativas desenvolvidas pelos pr\u00f3prios Conselhos Regionais, fortalecendo a integra\u00e7\u00e3o e a dissemina\u00e7\u00e3o de solu\u00e7\u00f5es que podem contribuir para o aprimoramento da fiscaliza\u00e7\u00e3o em todo o Sistema Confere\/Cores.<\/p>\n\n\n\n<h2 class=\"wp-block-heading\">Fortalecimento da atua\u00e7\u00e3o do Core-CE<\/h2>\n\n\n\n<p class=\"wp-block-paragraph\">A participa\u00e7\u00e3o de <strong>Silvana Oliveira e Domilson Mendes<\/strong> refor\u00e7a o compromisso do Core-CE com a <strong>qualifica\u00e7\u00e3o cont\u00ednua de sua equipe e o aperfei\u00e7oamento das atividades de Regularidade Profissional e Fiscaliza\u00e7\u00e3o<\/strong>.<\/p>\n\n\n\n<p class=\"wp-block-paragraph\">Ao mesmo tempo em que acompanha novas metodologias, tecnologias e procedimentos, o Conselho compartilha uma experi\u00eancia desenvolvida no Cear\u00e1 que evidencia os resultados positivos da <strong>coopera\u00e7\u00e3o institucional aplicada \u00e0 fiscaliza\u00e7\u00e3o<\/strong>.<\/p>\n\n\n\n<p class=\"wp-block-paragraph\">Para o Core-CE, iniciativas como essa contribuem para uma atua\u00e7\u00e3o cada vez mais <strong>qualificada, integrada, estrat\u00e9gica e orientadora<\/strong>, fortalecendo o exerc\u00edcio regular da Representa\u00e7\u00e3o Comercial e a valoriza\u00e7\u00e3o dos profissionais devidamente inscritos.<\/p>\n\n\n\n<p class=\"wp-block-paragraph\"><strong>Core-CE: conhecimento, integra\u00e7\u00e3o e inova\u00e7\u00e3o para fortalecer a fiscaliza\u00e7\u00e3o e a Representa\u00e7\u00e3o Comercial no Cear\u00e1.<\/strong><\/p>\n\n\n\n<figure class=\"wp-block-gallery has-nested-images columns-default is-cropped wp-block-gallery-1 is-layout-flex wp-block-gallery-is-layout-flex\">\n<figure class=\"wp-block-image size-large\"><img decoding=\"async\" width=\"1024\" height=\"683\" data-id=\"36013\" src=\"https:\/\/corece.org.br\/site\/wp-content\/uploads\/2026\/08\/IMG_3133-1-1024x683.jpg\" alt=\"\" class=\"wp-image-36013\" srcset=\"https:\/\/corece.org.br\/site\/wp-content\/uploads\/2026\/08\/IMG_3133-1-1024x683.jpg 1024w, https:\/\/corece.org.br\/site\/wp-content\/uploads\/2026\/08\/IMG_3133-1-300x200.jpg 300w, https:\/\/corece.org.br\/site\/wp-content\/uploads\/2026\/08\/IMG_3133-1-768x512.jpg 768w, https:\/\/corece.org.br\/site\/wp-content\/uploads\/2026\/08\/IMG_3133-1-1536x1024.jpg 1536w, https:\/\/corece.org.br\/site\/wp-content\/uploads\/2026\/08\/IMG_3133-1.jpg 2048w\" sizes=\"(max-width: 1024px) 100vw, 1024px\" \/><\/figure>\n\n\n\n<figure class=\"wp-block-image size-large\"><img decoding=\"async\" width=\"1024\" height=\"683\" data-id=\"36012\" src=\"https:\/\/corece.org.br\/site\/wp-content\/uploads\/2026\/08\/IMG_3130-1-1024x683.jpg\" alt=\"\" class=\"wp-image-36012\" srcset=\"https:\/\/corece.org.br\/site\/wp-content\/uploads\/2026\/08\/IMG_3130-1-1024x683.jpg 1024w, https:\/\/corece.org.br\/site\/wp-content\/uploads\/2026\/08\/IMG_3130-1-300x200.jpg 300w, https:\/\/corece.org.br\/site\/wp-content\/uploads\/2026\/08\/IMG_3130-1-768x512.jpg 768w, https:\/\/corece.org.br\/site\/wp-content\/uploads\/2026\/08\/IMG_3130-1-1536x1024.jpg 1536w, https:\/\/corece.org.br\/site\/wp-content\/uploads\/2026\/08\/IMG_3130-1.jpg 2048w\" sizes=\"(max-width: 1024px) 100vw, 1024px\" \/><\/figure>\n\n\n\n<figure class=\"wp-block-image size-large\"><img loading=\"lazy\" decoding=\"async\" width=\"1024\" height=\"683\" data-id=\"36015\" src=\"https:\/\/corece.org.br\/site\/wp-content\/uploads\/2026\/08\/DSC_4234-1-1-1024x683.jpg\" alt=\"\" class=\"wp-image-36015\" srcset=\"https:\/\/corece.org.br\/site\/wp-content\/uploads\/2026\/08\/DSC_4234-1-1-1024x683.jpg 1024w, https:\/\/corece.org.br\/site\/wp-content\/uploads\/2026\/08\/DSC_4234-1-1-300x200.jpg 300w, https:\/\/corece.org.br\/site\/wp-content\/uploads\/2026\/08\/DSC_4234-1-1-768x512.jpg 768w, https:\/\/corece.org.br\/site\/wp-content\/uploads\/2026\/08\/DSC_4234-1-1-1536x1024.jpg 1536w, https:\/\/corece.org.br\/site\/wp-content\/uploads\/2026\/08\/DSC_4234-1-1-2048x1365.jpg 2048w\" sizes=\"(max-width: 1024px) 100vw, 1024px\" \/><\/figure>\n\n\n\n<figure class=\"wp-block-image size-large\"><img loading=\"lazy\" decoding=\"async\" width=\"1024\" height=\"683\" data-id=\"36014\" src=\"https:\/\/corece.org.br\/site\/wp-content\/uploads\/2026\/08\/IMG_3119-1-1024x683.jpg\" alt=\"\" class=\"wp-image-36014\" srcset=\"https:\/\/corece.org.br\/site\/wp-content\/uploads\/2026\/08\/IMG_3119-1-1024x683.jpg 1024w, https:\/\/corece.org.br\/site\/wp-content\/uploads\/2026\/08\/IMG_3119-1-300x200.jpg 300w, https:\/\/corece.org.br\/site\/wp-content\/uploads\/2026\/08\/IMG_3119-1-768x512.jpg 768w, https:\/\/corece.org.br\/site\/wp-content\/uploads\/2026\/08\/IMG_3119-1-1536x1024.jpg 1536w, https:\/\/corece.org.br\/site\/wp-content\/uploads\/2026\/08\/IMG_3119-1.jpg 2048w\" sizes=\"(max-width: 1024px) 100vw, 1024px\" \/><\/figure>\n\n\n\n<figure class=\"wp-block-image size-large\"><img loading=\"lazy\" decoding=\"async\" width=\"1024\" height=\"683\" data-id=\"36016\" src=\"https:\/\/corece.org.br\/site\/wp-content\/uploads\/2026\/08\/IMG_3125-1-1024x683.jpg\" alt=\"\" class=\"wp-image-36016\" srcset=\"https:\/\/corece.org.br\/site\/wp-content\/uploads\/2026\/08\/IMG_3125-1-1024x683.jpg 1024w, https:\/\/corece.org.br\/site\/wp-content\/uploads\/2026\/08\/IMG_3125-1-300x200.jpg 300w, https:\/\/corece.org.br\/site\/wp-content\/uploads\/2026\/08\/IMG_3125-1-768x512.jpg 768w, https:\/\/corece.org.br\/site\/wp-content\/uploads\/2026\/08\/IMG_3125-1-1536x1024.jpg 1536w, https:\/\/corece.org.br\/site\/wp-content\/uploads\/2026\/08\/IMG_3125-1.jpg 2048w\" sizes=\"(max-width: 1024px) 100vw, 1024px\" \/><\/figure>\n\n\n\n<figure class=\"wp-block-image size-large\"><img loading=\"lazy\" decoding=\"async\" width=\"1024\" height=\"683\" data-id=\"36017\" src=\"https:\/\/corece.org.br\/site\/wp-content\/uploads\/2026\/08\/IMG_3122-2-1024x683.jpg\" alt=\"\" class=\"wp-image-36017\" srcset=\"https:\/\/corece.org.br\/site\/wp-content\/uploads\/2026\/08\/IMG_3122-2-1024x683.jpg 1024w, https:\/\/corece.org.br\/site\/wp-content\/uploads\/2026\/08\/IMG_3122-2-300x200.jpg 300w, https:\/\/corece.org.br\/site\/wp-content\/uploads\/2026\/08\/IMG_3122-2-768x512.jpg 768w, https:\/\/corece.org.br\/site\/wp-content\/uploads\/2026\/08\/IMG_3122-2-1536x1024.jpg 1536w, https:\/\/corece.org.br\/site\/wp-content\/uploads\/2026\/08\/IMG_3122-2.jpg 2048w\" sizes=\"(max-width: 1024px) 100vw, 1024px\" \/><\/figure>\n\n\n\n<figure class=\"wp-block-image size-large\"><img loading=\"lazy\" decoding=\"async\" width=\"1024\" height=\"683\" data-id=\"36018\" src=\"https:\/\/corece.org.br\/site\/wp-content\/uploads\/2026\/08\/IMG_3135-1-1024x683.jpg\" alt=\"\" class=\"wp-image-36018\" srcset=\"https:\/\/corece.org.br\/site\/wp-content\/uploads\/2026\/08\/IMG_3135-1-1024x683.jpg 1024w, https:\/\/corece.org.br\/site\/wp-content\/uploads\/2026\/08\/IMG_3135-1-300x200.jpg 300w, https:\/\/corece.org.br\/site\/wp-content\/uploads\/2026\/08\/IMG_3135-1-768x512.jpg 768w, https:\/\/corece.org.br\/site\/wp-content\/uploads\/2026\/08\/IMG_3135-1-1536x1024.jpg 1536w, https:\/\/corece.org.br\/site\/wp-content\/uploads\/2026\/08\/IMG_3135-1.jpg 2048w\" sizes=\"(max-width: 1024px) 100vw, 1024px\" \/><\/figure>\n<\/figure>\n","protected":false},"excerpt":{"rendered":"<p>O Conselho Regional dos Representantes Comerciais no Estado do Cear\u00e1 (Core-CE) participa do Semin\u00e1rio de Fiscaliza\u00e7\u00e3o do Sistema Confere\/Cores, promovido pelo Conselho Federal dos Representantes Comerciais (Confere), de 25 a 27 de agosto, em Bras\u00edlia. Representando o Core-CE, participam do encontro Silvana Oliveira, Coordenadora de Regularidade Profissional, e Domilson Mendes, Fiscal, que integram uma programa\u00e7\u00e3o [&hellip;]<\/p>\n","protected":false},"author":4,"featured_media":36017,"comment_status":"open","ping_status":"open","sticky":false,"template":"","format":"standard","meta":{"footnotes":""},"categories":[23,32,30,22,4,28],"tags":[],"class_list":["post-36003","post","type-post","status-publish","format-standard","has-post-thumbnail","hentry","category-artigo","category-cartilhas","category-informativo-core-ce","category-eventos","category-noticias","category-representantes"],"_links":{"self":[{"href":"https:\/\/corece.org.br\/site\/wp-json\/wp\/v2\/posts\/36003","targetHints":{"allow":["GET"]}}],"collection":[{"href":"https:\/\/corece.org.br\/site\/wp-json\/wp\/v2\/posts"}],"about":[{"href":"https:\/\/corece.org.br\/site\/wp-json\/wp\/v2\/types\/post"}],"author":[{"embeddable":true,"href":"https:\/\/corece.org.br\/site\/wp-json\/wp\/v2\/users\/4"}],"replies":[{"embeddable":true,"href":"https:\/\/corece.org.br\/site\/wp-json\/wp\/v2\/comments?post=36003"}],"version-history":[{"count":1,"href":"https:\/\/corece.org.br\/site\/wp-json\/wp\/v2\/posts\/36003\/revisions"}],"predecessor-version":[{"id":36019,"href":"https:\/\/corece.org.br\/site\/wp-json\/wp\/v2\/posts\/36003\/revisions\/36019"}],"wp:featuredmedia":[{"embeddable":true,"href":"https:\/\/corece.org.br\/site\/wp-json\/wp\/v2\/media\/36017"}],"wp:attachment":[{"href":"https:\/\/corece.org.br\/site\/wp-json\/wp\/v2\/media?parent=36003"}],"wp:term":[{"taxonomy":"category","embeddable":true,"href":"https:\/\/corece.org.br\/site\/wp-json\/wp\/v2\/categories?post=36003"},{"taxonomy":"post_tag","embeddable":true,"href":"https:\/\/corece.org.br\/site\/wp-json\/wp\/v2\/tags?post=36003"}],"curies":[{"name":"wp","href":"https:\/\/api.w.org\/{rel}","templated":true}]}}