{"id":36020,"date":"2026-08-28T08:46:17","date_gmt":"2026-08-28T11:46:17","guid":{"rendered":"https:\/\/corece.org.br\/site\/?p=36020"},"modified":"2026-08-31T09:01:26","modified_gmt":"2026-08-31T12:01:26","slug":"core-ce-promove-palestra-sobre-financas-e-planejamento-para-representantes-comerciais","status":"publish","type":"post","link":"https:\/\/corece.org.br\/site\/core-ce-promove-palestra-sobre-financas-e-planejamento-para-representantes-comerciais\/","title":{"rendered":"Core-CE promove palestra sobre finan\u00e7as e planejamento para Representantes Comerciais"},"content":{"rendered":"<div class=\"wp-block-image\">\n<figure class=\"aligncenter size-large is-resized\"><img fetchpriority=\"high\" decoding=\"async\" width=\"1024\" height=\"768\" src=\"https:\/\/corece.org.br\/site\/wp-content\/uploads\/2026\/08\/WhatsApp-Image-2026-08-28-at-08.42.35-1024x768.jpeg\" alt=\"\" class=\"wp-image-36021\" style=\"width:565px;height:auto\" srcset=\"https:\/\/corece.org.br\/site\/wp-content\/uploads\/2026\/08\/WhatsApp-Image-2026-08-28-at-08.42.35-1024x768.jpeg 1024w, https:\/\/corece.org.br\/site\/wp-content\/uploads\/2026\/08\/WhatsApp-Image-2026-08-28-at-08.42.35-300x225.jpeg 300w, https:\/\/corece.org.br\/site\/wp-content\/uploads\/2026\/08\/WhatsApp-Image-2026-08-28-at-08.42.35-768x576.jpeg 768w, https:\/\/corece.org.br\/site\/wp-content\/uploads\/2026\/08\/WhatsApp-Image-2026-08-28-at-08.42.35-1536x1152.jpeg 1536w, https:\/\/corece.org.br\/site\/wp-content\/uploads\/2026\/08\/WhatsApp-Image-2026-08-28-at-08.42.35.jpeg 1600w\" sizes=\"(max-width: 1024px) 100vw, 1024px\" \/><\/figure>\n<\/div>\n\n\n<p class=\"wp-block-paragraph\"><strong>Encontro reuniu profissionais em uma noite de conhecimento, troca de experi\u00eancias e estrat\u00e9gias para fortalecer a gest\u00e3o financeira e empresarial<\/strong><\/p>\n\n\n\n<p class=\"wp-block-paragraph\">O Conselho Regional dos Representantes Comerciais no Estado do Cear\u00e1 (Core-CE) realizou, nesta quinta-feira, a palestra <strong>\u201cFinan\u00e7as Pessoais e Empresariais: Organize-se para Crescer\u201d<\/strong>, promovendo um importante momento de conhecimento, reflex\u00e3o e troca de experi\u00eancias entre Representantes Comerciais.<\/p>\n\n\n\n<p class=\"wp-block-paragraph\">Realizado na sede do Core-CE, em Fortaleza, o encontro teve como objetivo contribuir para o aprimoramento da gest\u00e3o financeira dos profissionais e de seus neg\u00f3cios, trazendo orienta\u00e7\u00f5es pr\u00e1ticas para uma atua\u00e7\u00e3o mais organizada, estrat\u00e9gica e sustent\u00e1vel.<\/p>\n\n\n\n<p class=\"wp-block-paragraph\">Conduzida por <strong>Paulo C\u00e9sar de Lucena<\/strong>, a palestra abordou temas fundamentais para a realidade dos Representantes Comerciais, como <strong>organiza\u00e7\u00e3o financeira, planejamento, gest\u00e3o, cr\u00e9dito e precifica\u00e7\u00e3o<\/strong>. Ao longo do encontro, foram apresentadas reflex\u00f5es e estrat\u00e9gias que podem auxiliar os profissionais na tomada de decis\u00f5es, no controle das finan\u00e7as e na constru\u00e7\u00e3o de melhores resultados.<\/p>\n\n\n\n<p class=\"wp-block-paragraph\">A programa\u00e7\u00e3o tamb\u00e9m proporcionou um espa\u00e7o de di\u00e1logo e intera\u00e7\u00e3o, permitindo que os participantes compartilhassem experi\u00eancias, desafios e perspectivas relacionadas \u00e0 gest\u00e3o financeira e \u00e0 atividade de Representa\u00e7\u00e3o Comercial.<\/p>\n\n\n\n<p class=\"wp-block-paragraph\">Para o Core-CE, iniciativas como essa refor\u00e7am o compromisso da institui\u00e7\u00e3o com a <strong>qualifica\u00e7\u00e3o, valoriza\u00e7\u00e3o e fortalecimento da categoria<\/strong>, ampliando o acesso dos Representantes Comerciais a informa\u00e7\u00f5es e ferramentas que contribuam para o desenvolvimento de sua atua\u00e7\u00e3o profissional.<\/p>\n\n\n\n<h3 class=\"wp-block-heading\">Conhecimento que gera oportunidades<\/h3>\n\n\n\n<p class=\"wp-block-paragraph\">A palestra integra as a\u00e7\u00f5es promovidas pelo Core-CE com o prop\u00f3sito de aproximar cada vez mais o Conselho dos Representantes Comerciais e oferecer conte\u00fados relevantes para os desafios do mercado.<\/p>\n\n\n\n<p class=\"wp-block-paragraph\">Ao incentivar o planejamento e a educa\u00e7\u00e3o financeira, o Conselho contribui para que os profissionais estejam mais preparados para administrar seus recursos, avaliar oportunidades, estabelecer pre\u00e7os de forma estrat\u00e9gica e tomar decis\u00f5es com maior seguran\u00e7a.<\/p>\n\n\n\n<p class=\"wp-block-paragraph\">Mais do que uma palestra, o encontro reafirmou a import\u00e2ncia da <strong>informa\u00e7\u00e3o, do planejamento e da troca de experi\u00eancias como instrumentos para o crescimento profissional e empresarial<\/strong>.<\/p>\n\n\n\n<p class=\"wp-block-paragraph\">O Core-CE agradece a todos os Representantes Comerciais que participaram da programa\u00e7\u00e3o e contribu\u00edram para tornar a noite um momento de aprendizado, conex\u00e3o e fortalecimento da categoria.<\/p>\n\n\n\n<figure class=\"wp-block-gallery has-nested-images columns-default is-cropped wp-block-gallery-1 is-layout-flex wp-block-gallery-is-layout-flex\">\n<figure class=\"wp-block-image size-large\"><img decoding=\"async\" width=\"1080\" height=\"1350\" data-id=\"36024\" src=\"https:\/\/corece.org.br\/site\/wp-content\/uploads\/2026\/08\/4-819x1024.png\" alt=\"\" class=\"wp-image-36024\" srcset=\"https:\/\/corece.org.br\/site\/wp-content\/uploads\/2026\/08\/4-819x1024.png 819w, https:\/\/corece.org.br\/site\/wp-content\/uploads\/2026\/08\/4-240x300.png 240w, https:\/\/corece.org.br\/site\/wp-content\/uploads\/2026\/08\/4-768x960.png 768w, https:\/\/corece.org.br\/site\/wp-content\/uploads\/2026\/08\/4.png 1080w\" sizes=\"(max-width: 1080px) 100vw, 1080px\" \/><\/figure>\n\n\n\n<figure class=\"wp-block-image size-large\"><img decoding=\"async\" width=\"819\" height=\"1024\" data-id=\"36026\" src=\"https:\/\/corece.org.br\/site\/wp-content\/uploads\/2026\/08\/6-819x1024.png\" alt=\"\" class=\"wp-image-36026\" srcset=\"https:\/\/corece.org.br\/site\/wp-content\/uploads\/2026\/08\/6-819x1024.png 819w, https:\/\/corece.org.br\/site\/wp-content\/uploads\/2026\/08\/6-240x300.png 240w, https:\/\/corece.org.br\/site\/wp-content\/uploads\/2026\/08\/6-768x960.png 768w, https:\/\/corece.org.br\/site\/wp-content\/uploads\/2026\/08\/6.png 1080w\" sizes=\"(max-width: 819px) 100vw, 819px\" \/><\/figure>\n\n\n\n<figure class=\"wp-block-image size-large\"><img loading=\"lazy\" decoding=\"async\" width=\"819\" height=\"1024\" data-id=\"36025\" src=\"https:\/\/corece.org.br\/site\/wp-content\/uploads\/2026\/08\/5-819x1024.png\" alt=\"\" class=\"wp-image-36025\" srcset=\"https:\/\/corece.org.br\/site\/wp-content\/uploads\/2026\/08\/5-819x1024.png 819w, https:\/\/corece.org.br\/site\/wp-content\/uploads\/2026\/08\/5-240x300.png 240w, https:\/\/corece.org.br\/site\/wp-content\/uploads\/2026\/08\/5-768x960.png 768w, https:\/\/corece.org.br\/site\/wp-content\/uploads\/2026\/08\/5.png 1080w\" sizes=\"(max-width: 819px) 100vw, 819px\" \/><\/figure>\n\n\n\n<figure class=\"wp-block-image size-large\"><img loading=\"lazy\" decoding=\"async\" width=\"819\" height=\"1024\" data-id=\"36023\" src=\"https:\/\/corece.org.br\/site\/wp-content\/uploads\/2026\/08\/3-819x1024.png\" alt=\"\" class=\"wp-image-36023\" srcset=\"https:\/\/corece.org.br\/site\/wp-content\/uploads\/2026\/08\/3-819x1024.png 819w, https:\/\/corece.org.br\/site\/wp-content\/uploads\/2026\/08\/3-240x300.png 240w, https:\/\/corece.org.br\/site\/wp-content\/uploads\/2026\/08\/3-768x960.png 768w, https:\/\/corece.org.br\/site\/wp-content\/uploads\/2026\/08\/3.png 1080w\" sizes=\"(max-width: 819px) 100vw, 819px\" \/><\/figure>\n\n\n\n<figure class=\"wp-block-image size-large\"><img loading=\"lazy\" decoding=\"async\" width=\"819\" height=\"1024\" data-id=\"36022\" src=\"https:\/\/corece.org.br\/site\/wp-content\/uploads\/2026\/08\/2-819x1024.png\" alt=\"\" class=\"wp-image-36022\" srcset=\"https:\/\/corece.org.br\/site\/wp-content\/uploads\/2026\/08\/2-819x1024.png 819w, https:\/\/corece.org.br\/site\/wp-content\/uploads\/2026\/08\/2-240x300.png 240w, https:\/\/corece.org.br\/site\/wp-content\/uploads\/2026\/08\/2-768x960.png 768w, https:\/\/corece.org.br\/site\/wp-content\/uploads\/2026\/08\/2.png 1080w\" sizes=\"(max-width: 819px) 100vw, 819px\" \/><\/figure>\n\n\n\n<figure class=\"wp-block-image size-large\"><img loading=\"lazy\" decoding=\"async\" width=\"819\" height=\"1024\" data-id=\"36027\" src=\"https:\/\/corece.org.br\/site\/wp-content\/uploads\/2026\/08\/7-819x1024.png\" alt=\"\" class=\"wp-image-36027\" srcset=\"https:\/\/corece.org.br\/site\/wp-content\/uploads\/2026\/08\/7-819x1024.png 819w, https:\/\/corece.org.br\/site\/wp-content\/uploads\/2026\/08\/7-240x300.png 240w, https:\/\/corece.org.br\/site\/wp-content\/uploads\/2026\/08\/7-768x960.png 768w, https:\/\/corece.org.br\/site\/wp-content\/uploads\/2026\/08\/7.png 1080w\" sizes=\"(max-width: 819px) 100vw, 819px\" \/><\/figure>\n\n\n\n<figure class=\"wp-block-image size-large\"><img loading=\"lazy\" decoding=\"async\" width=\"819\" height=\"1024\" data-id=\"36028\" src=\"https:\/\/corece.org.br\/site\/wp-content\/uploads\/2026\/08\/8-819x1024.png\" alt=\"\" class=\"wp-image-36028\" srcset=\"https:\/\/corece.org.br\/site\/wp-content\/uploads\/2026\/08\/8-819x1024.png 819w, https:\/\/corece.org.br\/site\/wp-content\/uploads\/2026\/08\/8-240x300.png 240w, https:\/\/corece.org.br\/site\/wp-content\/uploads\/2026\/08\/8-768x960.png 768w, https:\/\/corece.org.br\/site\/wp-content\/uploads\/2026\/08\/8.png 1080w\" sizes=\"(max-width: 819px) 100vw, 819px\" \/><\/figure>\n\n\n\n<figure class=\"wp-block-image size-large\"><img loading=\"lazy\" decoding=\"async\" width=\"819\" height=\"1024\" data-id=\"36029\" src=\"https:\/\/corece.org.br\/site\/wp-content\/uploads\/2026\/08\/9-819x1024.png\" alt=\"\" class=\"wp-image-36029\" srcset=\"https:\/\/corece.org.br\/site\/wp-content\/uploads\/2026\/08\/9-819x1024.png 819w, https:\/\/corece.org.br\/site\/wp-content\/uploads\/2026\/08\/9-240x300.png 240w, https:\/\/corece.org.br\/site\/wp-content\/uploads\/2026\/08\/9-768x960.png 768w, https:\/\/corece.org.br\/site\/wp-content\/uploads\/2026\/08\/9.png 1080w\" sizes=\"(max-width: 819px) 100vw, 819px\" \/><\/figure>\n\n\n\n<figure class=\"wp-block-image size-large\"><img loading=\"lazy\" decoding=\"async\" width=\"1024\" height=\"768\" data-id=\"36021\" src=\"https:\/\/corece.org.br\/site\/wp-content\/uploads\/2026\/08\/WhatsApp-Image-2026-08-28-at-08.42.35-1024x768.jpeg\" alt=\"\" class=\"wp-image-36021\" srcset=\"https:\/\/corece.org.br\/site\/wp-content\/uploads\/2026\/08\/WhatsApp-Image-2026-08-28-at-08.42.35-1024x768.jpeg 1024w, https:\/\/corece.org.br\/site\/wp-content\/uploads\/2026\/08\/WhatsApp-Image-2026-08-28-at-08.42.35-300x225.jpeg 300w, https:\/\/corece.org.br\/site\/wp-content\/uploads\/2026\/08\/WhatsApp-Image-2026-08-28-at-08.42.35-768x576.jpeg 768w, https:\/\/corece.org.br\/site\/wp-content\/uploads\/2026\/08\/WhatsApp-Image-2026-08-28-at-08.42.35-1536x1152.jpeg 1536w, https:\/\/corece.org.br\/site\/wp-content\/uploads\/2026\/08\/WhatsApp-Image-2026-08-28-at-08.42.35.jpeg 1600w\" sizes=\"(max-width: 1024px) 100vw, 1024px\" \/><\/figure>\n\n\n\n<figure class=\"wp-block-image size-large\"><img loading=\"lazy\" decoding=\"async\" width=\"819\" height=\"1024\" data-id=\"36030\" src=\"https:\/\/corece.org.br\/site\/wp-content\/uploads\/2026\/08\/10-819x1024.png\" alt=\"\" class=\"wp-image-36030\" srcset=\"https:\/\/corece.org.br\/site\/wp-content\/uploads\/2026\/08\/10-819x1024.png 819w, https:\/\/corece.org.br\/site\/wp-content\/uploads\/2026\/08\/10-240x300.png 240w, https:\/\/corece.org.br\/site\/wp-content\/uploads\/2026\/08\/10-768x960.png 768w, https:\/\/corece.org.br\/site\/wp-content\/uploads\/2026\/08\/10.png 1080w\" sizes=\"(max-width: 819px) 100vw, 819px\" \/><\/figure>\n<\/figure>\n","protected":false},"excerpt":{"rendered":"<p>Encontro reuniu profissionais em uma noite de conhecimento, troca de experi\u00eancias e estrat\u00e9gias para fortalecer a gest\u00e3o financeira e empresarial O Conselho Regional dos Representantes Comerciais no Estado do Cear\u00e1 (Core-CE) realizou, nesta quinta-feira, a palestra \u201cFinan\u00e7as Pessoais e Empresariais: Organize-se para Crescer\u201d, promovendo um importante momento de conhecimento, reflex\u00e3o e troca de experi\u00eancias entre [&hellip;]<\/p>\n","protected":false},"author":4,"featured_media":36024,"comment_status":"open","ping_status":"open","sticky":false,"template":"","format":"standard","meta":{"footnotes":""},"categories":[23,32,30,4,29,28],"tags":[],"class_list":["post-36020","post","type-post","status-publish","format-standard","has-post-thumbnail","hentry","category-artigo","category-cartilhas","category-informativo-core-ce","category-noticias","category-ofertas","category-representantes"],"_links":{"self":[{"href":"https:\/\/corece.org.br\/site\/wp-json\/wp\/v2\/posts\/36020","targetHints":{"allow":["GET"]}}],"collection":[{"href":"https:\/\/corece.org.br\/site\/wp-json\/wp\/v2\/posts"}],"about":[{"href":"https:\/\/corece.org.br\/site\/wp-json\/wp\/v2\/types\/post"}],"author":[{"embeddable":true,"href":"https:\/\/corece.org.br\/site\/wp-json\/wp\/v2\/users\/4"}],"replies":[{"embeddable":true,"href":"https:\/\/corece.org.br\/site\/wp-json\/wp\/v2\/comments?post=36020"}],"version-history":[{"count":1,"href":"https:\/\/corece.org.br\/site\/wp-json\/wp\/v2\/posts\/36020\/revisions"}],"predecessor-version":[{"id":36031,"href":"https:\/\/corece.org.br\/site\/wp-json\/wp\/v2\/posts\/36020\/revisions\/36031"}],"wp:featuredmedia":[{"embeddable":true,"href":"https:\/\/corece.org.br\/site\/wp-json\/wp\/v2\/media\/36024"}],"wp:attachment":[{"href":"https:\/\/corece.org.br\/site\/wp-json\/wp\/v2\/media?parent=36020"}],"wp:term":[{"taxonomy":"category","embeddable":true,"href":"https:\/\/corece.org.br\/site\/wp-json\/wp\/v2\/categories?post=36020"},{"taxonomy":"post_tag","embeddable":true,"href":"https:\/\/corece.org.br\/site\/wp-json\/wp\/v2\/tags?post=36020"}],"curies":[{"name":"wp","href":"https:\/\/api.w.org\/{rel}","templated":true}]}}