{"id":36032,"date":"2026-08-31T09:00:18","date_gmt":"2026-08-31T12:00:18","guid":{"rendered":"https:\/\/corece.org.br\/site\/?p=36032"},"modified":"2026-08-31T09:01:46","modified_gmt":"2026-08-31T12:01:46","slug":"core-ce-promove-palestra-sobre-valorizacao-da-vida-e-cuidado-com-as-pessoas-no-setembro-amarelo","status":"publish","type":"post","link":"https:\/\/corece.org.br\/site\/core-ce-promove-palestra-sobre-valorizacao-da-vida-e-cuidado-com-as-pessoas-no-setembro-amarelo\/","title":{"rendered":"Core-CE promove palestra sobre valoriza\u00e7\u00e3o da vida e cuidado com as pessoas no Setembro Amarelo"},"content":{"rendered":"\n<figure class=\"wp-block-image size-large\"><img fetchpriority=\"high\" decoding=\"async\" width=\"1024\" height=\"769\" src=\"https:\/\/corece.org.br\/site\/wp-content\/uploads\/2026\/08\/WhatsApp-Image-2026-08-31-at-08.53.56-1024x769.jpeg\" alt=\"\" class=\"wp-image-36033\" srcset=\"https:\/\/corece.org.br\/site\/wp-content\/uploads\/2026\/08\/WhatsApp-Image-2026-08-31-at-08.53.56-1024x769.jpeg 1024w, https:\/\/corece.org.br\/site\/wp-content\/uploads\/2026\/08\/WhatsApp-Image-2026-08-31-at-08.53.56-300x225.jpeg 300w, https:\/\/corece.org.br\/site\/wp-content\/uploads\/2026\/08\/WhatsApp-Image-2026-08-31-at-08.53.56-768x576.jpeg 768w, https:\/\/corece.org.br\/site\/wp-content\/uploads\/2026\/08\/WhatsApp-Image-2026-08-31-at-08.53.56-1536x1153.jpeg 1536w, https:\/\/corece.org.br\/site\/wp-content\/uploads\/2026\/08\/WhatsApp-Image-2026-08-31-at-08.53.56.jpeg 1600w\" sizes=\"(max-width: 1024px) 100vw, 1024px\" \/><\/figure>\n\n\n\n<p class=\"wp-block-paragraph\"><strong>A\u00e7\u00e3o reuniu colaboradores em um momento de reflex\u00e3o, conscientiza\u00e7\u00e3o e di\u00e1logo sobre sa\u00fade emocional e a import\u00e2ncia do cuidado no ambiente de trabalho<\/strong><\/p>\n\n\n\n<p class=\"wp-block-paragraph\">O Conselho Regional dos Representantes Comerciais no Estado do Cear\u00e1 (Core-CE) realizou, no dia <strong>28 de agosto<\/strong>, uma palestra em alus\u00e3o ao <strong>Setembro Amarelo<\/strong>, campanha nacional de conscientiza\u00e7\u00e3o sobre a preven\u00e7\u00e3o do suic\u00eddio e a valoriza\u00e7\u00e3o da vida. A iniciativa reuniu colaboradores no Plen\u00e1rio do Conselho para um momento de escuta, reflex\u00e3o e di\u00e1logo sobre a import\u00e2ncia do cuidado com as pessoas.<\/p>\n\n\n\n<p class=\"wp-block-paragraph\">Com o tema <strong>\u201cSetembro Amarelo | Cuidar de pessoas tamb\u00e9m \u00e9 cuidar do Conselho\u201d<\/strong>, a palestra foi conduzida pela psic\u00f3loga <strong>Milena de Andrade Arag\u00e3o (CRP 11 \u2013 06158)<\/strong>, que abordou aspectos relacionados ao cuidado emocional, \u00e0 aten\u00e7\u00e3o aos sinais de sofrimento e \u00e0 constru\u00e7\u00e3o de rela\u00e7\u00f5es mais acolhedoras no ambiente profissional.<\/p>\n\n\n\n<p class=\"wp-block-paragraph\">Durante o encontro, foram compartilhadas reflex\u00f5es sobre a import\u00e2ncia de olhar para al\u00e9m das atividades e responsabilidades do cotidiano, reconhecendo que cada pessoa possui desafios, sentimentos e necessidades que tamb\u00e9m merecem aten\u00e7\u00e3o. A proposta foi estimular uma cultura institucional pautada no respeito, na empatia, na escuta e no acolhimento.<\/p>\n\n\n\n<p class=\"wp-block-paragraph\">A iniciativa refor\u00e7a o compromisso do Core-CE com a promo\u00e7\u00e3o de um <strong>ambiente de trabalho mais humanizado<\/strong>, no qual o cuidado com as pessoas esteja integrado \u00e0s pr\u00e1ticas institucionais. Afinal, fortalecer v\u00ednculos, incentivar o di\u00e1logo e criar espa\u00e7os seguros para falar sobre emo\u00e7\u00f5es tamb\u00e9m contribuem para rela\u00e7\u00f5es profissionais mais saud\u00e1veis.<\/p>\n\n\n\n<blockquote class=\"wp-block-quote is-layout-flow wp-block-quote-is-layout-flow\">\n<p class=\"wp-block-paragraph\"><strong>\u201cCuidar de pessoas tamb\u00e9m \u00e9 cuidar do Conselho.\u201d<\/strong><\/p>\n<\/blockquote>\n\n\n\n<p class=\"wp-block-paragraph\">Ao promover a\u00e7\u00f5es como essa, o Core-CE amplia o debate sobre sa\u00fade emocional e valoriza\u00e7\u00e3o da vida, fortalecendo uma cultura de cuidado que ultrapassa as atividades administrativas e alcan\u00e7a aquilo que existe de mais importante dentro de uma institui\u00e7\u00e3o: <strong>as pessoas que fazem parte dela<\/strong>.<\/p>\n\n\n\n<p class=\"wp-block-paragraph\">O Core-CE agradece \u00e0 psic\u00f3loga <strong>Milena de Andrade Arag\u00e3o<\/strong> pela disponibilidade, dedica\u00e7\u00e3o e contribui\u00e7\u00e3o para esse importante momento de conscientiza\u00e7\u00e3o e reflex\u00e3o, bem como a todos os colaboradores que participaram da iniciativa.<\/p>\n","protected":false},"excerpt":{"rendered":"<p>A\u00e7\u00e3o reuniu colaboradores em um momento de reflex\u00e3o, conscientiza\u00e7\u00e3o e di\u00e1logo sobre sa\u00fade emocional e a import\u00e2ncia do cuidado no ambiente de trabalho O Conselho Regional dos Representantes Comerciais no Estado do Cear\u00e1 (Core-CE) realizou, no dia 28 de agosto, uma palestra em alus\u00e3o ao Setembro Amarelo, campanha nacional de conscientiza\u00e7\u00e3o sobre a preven\u00e7\u00e3o do [&hellip;]<\/p>\n","protected":false},"author":4,"featured_media":36033,"comment_status":"open","ping_status":"open","sticky":false,"template":"","format":"standard","meta":{"footnotes":""},"categories":[23,32,30,22,4,28],"tags":[],"class_list":["post-36032","post","type-post","status-publish","format-standard","has-post-thumbnail","hentry","category-artigo","category-cartilhas","category-informativo-core-ce","category-eventos","category-noticias","category-representantes"],"_links":{"self":[{"href":"https:\/\/corece.org.br\/site\/wp-json\/wp\/v2\/posts\/36032","targetHints":{"allow":["GET"]}}],"collection":[{"href":"https:\/\/corece.org.br\/site\/wp-json\/wp\/v2\/posts"}],"about":[{"href":"https:\/\/corece.org.br\/site\/wp-json\/wp\/v2\/types\/post"}],"author":[{"embeddable":true,"href":"https:\/\/corece.org.br\/site\/wp-json\/wp\/v2\/users\/4"}],"replies":[{"embeddable":true,"href":"https:\/\/corece.org.br\/site\/wp-json\/wp\/v2\/comments?post=36032"}],"version-history":[{"count":1,"href":"https:\/\/corece.org.br\/site\/wp-json\/wp\/v2\/posts\/36032\/revisions"}],"predecessor-version":[{"id":36034,"href":"https:\/\/corece.org.br\/site\/wp-json\/wp\/v2\/posts\/36032\/revisions\/36034"}],"wp:featuredmedia":[{"embeddable":true,"href":"https:\/\/corece.org.br\/site\/wp-json\/wp\/v2\/media\/36033"}],"wp:attachment":[{"href":"https:\/\/corece.org.br\/site\/wp-json\/wp\/v2\/media?parent=36032"}],"wp:term":[{"taxonomy":"category","embeddable":true,"href":"https:\/\/corece.org.br\/site\/wp-json\/wp\/v2\/categories?post=36032"},{"taxonomy":"post_tag","embeddable":true,"href":"https:\/\/corece.org.br\/site\/wp-json\/wp\/v2\/tags?post=36032"}],"curies":[{"name":"wp","href":"https:\/\/api.w.org\/{rel}","templated":true}]}}